{"id":507749,"date":"2021-05-21T00:05:04","date_gmt":"2021-05-21T05:05:04","guid":{"rendered":"https:\/\/www.diarioimagen.net\/?p=507749"},"modified":"2021-05-21T06:55:07","modified_gmt":"2021-05-21T11:55:07","slug":"507749","status":"publish","type":"post","link":"https:\/\/www.diarioimagen.net\/?p=507749","title":{"rendered":"\u00abS\u00f3lo soy la directora\u00bb"},"content":{"rendered":"<h2>Perfil de M\u00e9xico<\/h2>\n<h5>Armando R\u00edos Ruiz<\/h5>\n<p>&nbsp;<\/p>\n<p>D\u00edas despu\u00e9s de mandar \u201cal carajo\u201d a familiares de las v\u00edctimas del metrazo en Tl\u00e1huac, que cobr\u00f3 26 vidas y 80 heridos, con el argumento de que darles el p\u00e9same es hipocres\u00eda, el Presidente les pidi\u00f3 perd\u00f3n. Un comentarista de noticias critic\u00f3 atinadamente que quien pide perd\u00f3n, reconoce su culpa.<\/p>\n<p>No es exactamente el caso. Pidi\u00f3 perd\u00f3n sin reconocer ni su culpa ni la de los funcionarios que la tienen, a quienes ha exonerado desde el d\u00eda del accidente, con reconocimientos de ser los\u00a0 mejores \u2212adem\u00e1s de ser consentidos\u2212. Compiten en su \u00e1nimo para sucederlo, en caso de alg\u00fan impedimento para reformar la Constituci\u00f3n en aras de quedarse en el cargo indefinidamente.<\/p>\n<p>Los que piensan mal para acertar, elucubran en el sentido de que su petici\u00f3n de perd\u00f3n obedece a que la reacci\u00f3n que tuvo en la ma\u00f1anera, cuando mand\u00f3 \u201cal carajo\u201d a familiares de las v\u00edctimas, le acarre\u00f3 p\u00e9rdida de puntos en las preferencias de la poblaci\u00f3n. Lo mismo ocurri\u00f3 con la insistente defensa de sus \u201calfiles\u201d, Marcelo Ebrard y Claudia Sheinbaum, a quienes la ciudadan\u00eda ha reiterado su profundo rechazo y su inmenso desprecio.<\/p>\n<p>Ha pretendido culpar a Miguel \u00c1ngel Mancera y a Jorge Gavi\u00f1o, ex jefe de Gobierno y ex director del Metro, respectivamente. Pero el juicio del pueblo ya sentenci\u00f3 que, quienes evidentemente han sido omisos, descuidados, incompetentes e irresponsables son, desde Marcelo y la Sheinbaum, hasta la actual directora del Sistema de Transporte, Florencia Serran\u00eda, quien se ha mantenido agazapada. Sin asomar siquiera la nariz.<\/p>\n<p>\u00bfPor qu\u00e9 tanto amor a la se\u00f1ora Serran\u00eda? Se sabe que es bastante allegada, comadre en primer grado, del que manda y esta cercan\u00eda la convierte en intocable. Circul\u00f3 informaci\u00f3n de que es madrina de Ram\u00f3n L\u00f3pez Beltr\u00e1n. Amiga entra\u00f1able de la jefa de Gobierno y con m\u00e1s lazos indisolubles que los unen hasta el final de sus d\u00edas.<\/p>\n<p>Un enorme n\u00famero de mexicanos, principalmente de los lugares cercanos al lugar del accidente, ha solicitado con insistencia la renuncia de esta se\u00f1ora. Inclusive los mismos trabajadores del Metro, encabezados por su sindicato, quienes adem\u00e1s presentaron denuncia penal en su contra.<\/p>\n<p>\u201cSi nos hubieran escuchado esto no habr\u00eda pasado\u201d, manifest\u00f3 el secretario del<strong>\u00a0<\/strong>Trabajo del Sindicato Mexicano de Trabajadores del Metro, Homero Zavala.\u00a0Pidi\u00f3 adem\u00e1s, a do\u00f1a\u00a0 Claudia, dejar de defender lo indefendible y nombrar a una verdadera administradora del Metro.<\/p>\n<p>El l\u00edder mencion\u00f3 que los trabajadores han realizado advertencias de zonas rojas en otras l\u00edneas como la 9, la 5 y la B: \u201c\u00bfcu\u00e1ntos muertos, cu\u00e1ntos heridos m\u00e1s vamos a necesitar para decir que el Metro no es seguro?\u201d, indic\u00f3.<\/p>\n<p>Obviamente, la se\u00f1ora Serran\u00eda es tan irresponsable como incompetente, que no da importancia a que su forma de desempe\u00f1arse como funcionaria en una entidad tan significativa y delicada como el Metro, cobre v\u00edctimas y luego, simplemente se esconda, mientras la defienden. Transcurra el tiempo\u00a0 y todo se olvide, para volver a desatender la instituci\u00f3n a la que no sirve.<\/p>\n<p>Dicen que en otros rubros, fuera de la funci\u00f3n p\u00fablica, es aplicada, famosa y hasta experta en operaci\u00f3n de v\u00edas. Adem\u00e1s de desarrolladora de un <em>software<\/em> de tr\u00e1fico y autoridad en transporte masivo. Lo que se palpa hoy, es que como funcionaria es un verdadero fiasco. Pero adem\u00e1s empecinada en continuar en el cargo, sin importarle que su presencia pueda volver a ocasionar p\u00e9rdidas de vidas humanas.<\/p>\n<p>No es la primera vez que hay problemas en el Metro desde que est\u00e1 a cargo. El informador <em>EMMEEQUIS <\/em>da cuenta puntual de una serie de accidentes que han desfilado ante los ojos de la se\u00f1ora. Tal es su descuido y su incapacidad, que cuando se incendi\u00f3 el Puesto Central de Control 1, la se\u00f1ora lanz\u00f3 la m\u00e1s desatinada e ignorante respuesta: \u201cyo s\u00f3lo soy la directora del Metro\u201d. Casi nada.<\/p>\n<p><a href=\"mailto:ariosruiz@gmail.com\" target=\"_blank\" rel=\"noopener noreferrer\"><em>ariosruiz@gmail.com<\/em><\/a><\/p>\n","protected":false},"excerpt":{"rendered":"<p><span style=\"color: #005497;\"><strong>Armando R\u00edos Ruiz<\/strong><\/span><\/p>\n","protected":false},"author":3,"featured_media":0,"comment_status":"open","ping_status":"open","sticky":false,"template":"","format":"standard","meta":{"_monsterinsights_skip_tracking":false,"_monsterinsights_sitenote_active":false,"_monsterinsights_sitenote_note":"","_monsterinsights_sitenote_category":0,"footnotes":""},"categories":[88405],"tags":[88407,43674,91193],"class_list":["post-507749","post","type-post","status-publish","format-standard","hentry","category-armando-rios-ruiz","tag-armando-rios-ruiz","tag-opinion","tag-perfil-de-mexico"],"_links":{"self":[{"href":"https:\/\/www.diarioimagen.net\/index.php?rest_route=\/wp\/v2\/posts\/507749","targetHints":{"allow":["GET"]}}],"collection":[{"href":"https:\/\/www.diarioimagen.net\/index.php?rest_route=\/wp\/v2\/posts"}],"about":[{"href":"https:\/\/www.diarioimagen.net\/index.php?rest_route=\/wp\/v2\/types\/post"}],"author":[{"embeddable":true,"href":"https:\/\/www.diarioimagen.net\/index.php?rest_route=\/wp\/v2\/users\/3"}],"replies":[{"embeddable":true,"href":"https:\/\/www.diarioimagen.net\/index.php?rest_route=%2Fwp%2Fv2%2Fcomments&post=507749"}],"version-history":[{"count":0,"href":"https:\/\/www.diarioimagen.net\/index.php?rest_route=\/wp\/v2\/posts\/507749\/revisions"}],"wp:attachment":[{"href":"https:\/\/www.diarioimagen.net\/index.php?rest_route=%2Fwp%2Fv2%2Fmedia&parent=507749"}],"wp:term":[{"taxonomy":"category","embeddable":true,"href":"https:\/\/www.diarioimagen.net\/index.php?rest_route=%2Fwp%2Fv2%2Fcategories&post=507749"},{"taxonomy":"post_tag","embeddable":true,"href":"https:\/\/www.diarioimagen.net\/index.php?rest_route=%2Fwp%2Fv2%2Ftags&post=507749"}],"curies":[{"name":"wp","href":"https:\/\/api.w.org\/{rel}","templated":true}]}}