{"id":507755,"date":"2021-05-21T00:04:43","date_gmt":"2021-05-21T05:04:43","guid":{"rendered":"https:\/\/www.diarioimagen.net\/?p=507755"},"modified":"2021-05-21T04:41:47","modified_gmt":"2021-05-21T09:41:47","slug":"golpazo-al-panismo","status":"publish","type":"post","link":"https:\/\/www.diarioimagen.net\/?p=507755","title":{"rendered":"Golpazo al panismo"},"content":{"rendered":"<h2>Punto por punto<\/h2>\n<h5>Augusto Corro<\/h5>\n<p>&nbsp;<\/p>\n<p>En el escenario de la contienda electoral intermedia la Fiscal\u00eda General de la Rep\u00fablica (FGR) gir\u00f3 la orden de aprehensi\u00f3n del gobernador panista de Tamaulipas, Francisco Javier Garc\u00eda Cabeza de Vaca, quien es acusado de varios delitos, entre otros lavado de dinero y delincuencia organizada. Investigan a familiares, entre otros su esposa Mariana G\u00f3mez Leal; sus hermanos Ismael y Jos\u00e9 Manuel; su mam\u00e1 Mar\u00eda de Lourdes Cabeza de Vaca Wattenbarger; su suegro Jos\u00e9 Ram\u00f3n G\u00f3mez Res\u00e9ndez y su primo Jos\u00e9 Ram\u00f3n Cabeza de Vaca Castillo. En el presunto lavado internacional de activos se encuentran involucradas 18 empresas.<\/p>\n<p>Por otra parte, el titular de la Unidad de Inteligencia Financiera (UIF), Santiago Nieto, inform\u00f3 que se orden\u00f3 el congelamiento de cuentas de 12 personas f\u00edsicas y 25 jur\u00eddicas, presuntas integrantes de la red Garc\u00eda Cabeza de Vaca por presuntas operaciones con recursos de procedencia il\u00edcita.<\/p>\n<p>S\u00f3lo faltaba la orden de aprehensi\u00f3n de Garc\u00eda Cabeza de Vaca para mantener al Partido Acci\u00f3n Nacional (PAN) en la lona, sin posibilidades de resurgimiento, de salir del hoyo en que se encuentra. Los panistas forman parte de la oposici\u00f3n que perdi\u00f3 sus posibilidades de reconquistar el poder pol\u00edtico que presum\u00eda en sexenios anteriores. La derrota de la oposici\u00f3n qued\u00f3 marcada en las elecciones presidenciales de 2018.<\/p>\n<p>A la hora de escribir estas l\u00edneas el mandatario citado continuaba pr\u00f3fugo. Nadie sab\u00eda de su paradero.<\/p>\n<p style=\"text-align: center;\"><strong>La imagen del PAN <\/strong><\/p>\n<p>El golpe de la aprehensi\u00f3n al funcionario estatal da\u00f1a la imagen del PAN en la recta final del proceso electoral. Su desorganizada participaci\u00f3n en las elecciones intermedias llev\u00f3 al PAN a coaligarse con otros partidos, de orientaci\u00f3n pol\u00edtica diferente, como lo hizo en las elecciones presidenciales.<\/p>\n<p>Acci\u00f3n Nacional perdi\u00f3 su esencia pol\u00edtica y se coloc\u00f3 al nivel de las otras organizaciones para unirse contra la llamada Cuarta Transformaci\u00f3n (4T).<\/p>\n<p>Esa coalici\u00f3n en la que participan el PAN, PRI y PRD es una respuesta est\u00e9ril a Morena y su gobierno obradorista. Los partidos pol\u00edticos no presentaron propuestas reales para combatir la violencia y la impunidad, ni ideas para enfrentar la crisis econ\u00f3mica que padece M\u00e9xico.<\/p>\n<p>Tampoco les interesa a las organizaciones pol\u00edticas pensar en las medidas para remediar los da\u00f1os ocasionados por la Covid-19. Claro, en esas mismas condiciones se encuentra el partido Movimiento de Regeneraci\u00f3n Nacional (Morena) al que le pas\u00f3 de noche la pandemia.<\/p>\n<p>\u00bfO sabe usted, estimado lector, de alguna acci\u00f3n positiva realizada por los dirigentes y militantes de Morena en la temporada del coronavirus?<\/p>\n<p style=\"text-align: center;\"><strong>Renuncia candidata de RSP<\/strong><\/p>\n<p>Gloria Luz S\u00e1nchez Mej\u00eda renunci\u00f3 a la candidatura de Redes Sociales Progresistas (RSP) para competir por la alcald\u00eda de Gustavo A. Madero.<\/p>\n<p>Ya como ex candidata decidi\u00f3 sumarse al Partido de la Revoluci\u00f3n Democr\u00e1tica (PRD) junto con un grupo de dirigentes.<\/p>\n<p>La presidenta del PRD capitalino, Nora Arias Contreras, se\u00f1al\u00f3 que ese grupo de ex militantes del RSP coincide con los principios y valores \u201csiempre en la b\u00fasqueda del bien com\u00fan, en la defensa de los derechos de todos los sectores y la ampliaci\u00f3n de las libertades\u201d.<\/p>\n<p>Recalc\u00f3 que el PRD es un partido abierto a toda la ciudadan\u00eda, cuyos principios y valores est\u00e1n encaminados a construir un proyecto para todas y todos, m\u00e1s all\u00e1 de posturas irreconciliables y que \u201choy la ciudad necesita de todos\u201d.<\/p>\n<p>Por su parte, la candidata del PRD, PAN y PRI a la mencionada alcald\u00eda, Carmen Pacheco, dijo que con este tipo de decisiones, como las realizadas por S\u00e1nchez Mej\u00eda, se fortalece el partido del sol azteca rumbo a las elecciones del pr\u00f3ximo 6 de junio.<\/p>\n<p>Adem\u00e1s, S\u00e1nchez Mej\u00eda reconoci\u00f3 que con el liderazgo de la presidenta Nora Arias, el PRD alcanzar\u00e1 la victoria en el actual proceso electoral.<\/p>\n<p style=\"text-align: center;\"><strong>Contin\u00faa la violencia<\/strong><\/p>\n<p>No se pudo evitar la violencia electoral que se extendi\u00f3 a lo largo y ancho del pa\u00eds. Fueron agredidos candidatos de los diferentes partidos pol\u00edticos.<\/p>\n<p>El \u00faltimo atentado se efectu\u00f3 la ma\u00f1ana del mi\u00e9rcoles en Mariscala de Ju\u00e1rez, en la regi\u00f3n de la Mixteca baja, Oaxaca. El candidato priista a la presidencia municipal, Hugo Jairo Hern\u00e1ndez, fue atacado a balazos mientras viajaba en su camioneta.<\/p>\n<p>En el ataque result\u00f3 lesionada una ni\u00f1a hija del pol\u00edtico.<\/p>\n<p><a href=\"mailto:aco2742@hotmail.com\" target=\"_blank\" rel=\"noopener noreferrer\"><em>aco2742@hotmail.com<\/em><\/a><\/p>\n","protected":false},"excerpt":{"rendered":"<p><span style=\"color: #005497;\"><strong>Augusto Corro<\/strong><\/span><\/p>\n","protected":false},"author":3,"featured_media":0,"comment_status":"open","ping_status":"open","sticky":false,"template":"","format":"standard","meta":{"_monsterinsights_skip_tracking":false,"_monsterinsights_sitenote_active":false,"_monsterinsights_sitenote_note":"","_monsterinsights_sitenote_category":0,"footnotes":""},"categories":[157],"tags":[43686,43674,11515],"class_list":["post-507755","post","type-post","status-publish","format-standard","hentry","category-augusto-corro","tag-augusto-corro","tag-opinion","tag-punto-por-punto"],"_links":{"self":[{"href":"https:\/\/www.diarioimagen.net\/index.php?rest_route=\/wp\/v2\/posts\/507755","targetHints":{"allow":["GET"]}}],"collection":[{"href":"https:\/\/www.diarioimagen.net\/index.php?rest_route=\/wp\/v2\/posts"}],"about":[{"href":"https:\/\/www.diarioimagen.net\/index.php?rest_route=\/wp\/v2\/types\/post"}],"author":[{"embeddable":true,"href":"https:\/\/www.diarioimagen.net\/index.php?rest_route=\/wp\/v2\/users\/3"}],"replies":[{"embeddable":true,"href":"https:\/\/www.diarioimagen.net\/index.php?rest_route=%2Fwp%2Fv2%2Fcomments&post=507755"}],"version-history":[{"count":0,"href":"https:\/\/www.diarioimagen.net\/index.php?rest_route=\/wp\/v2\/posts\/507755\/revisions"}],"wp:attachment":[{"href":"https:\/\/www.diarioimagen.net\/index.php?rest_route=%2Fwp%2Fv2%2Fmedia&parent=507755"}],"wp:term":[{"taxonomy":"category","embeddable":true,"href":"https:\/\/www.diarioimagen.net\/index.php?rest_route=%2Fwp%2Fv2%2Fcategories&post=507755"},{"taxonomy":"post_tag","embeddable":true,"href":"https:\/\/www.diarioimagen.net\/index.php?rest_route=%2Fwp%2Fv2%2Ftags&post=507755"}],"curies":[{"name":"wp","href":"https:\/\/api.w.org\/{rel}","templated":true}]}}