{"id":507758,"date":"2021-05-21T00:03:09","date_gmt":"2021-05-21T05:03:09","guid":{"rendered":"https:\/\/www.diarioimagen.net\/?p=507758"},"modified":"2021-05-21T04:43:03","modified_gmt":"2021-05-21T09:43:03","slug":"trio-ilusion-en-edomex","status":"publish","type":"post","link":"https:\/\/www.diarioimagen.net\/?p=507758","title":{"rendered":"\u201cTr\u00edo ilusi\u00f3n\u201d en Edomex"},"content":{"rendered":"<h2>Espacio Electoral<\/h2>\n<h5>Eleazar Flores<\/h5>\n<p>&nbsp;<\/p>\n<p><strong>R\u00c1PIDO Y ANSIOSO-.<\/strong> El meterse en todo, el coordinador senatorial \u201cmoreno\u201d, Ricardo Monreal no lo hace por cumplidor, lo que pasa es que aprovecha con oportunismo el reculamiento medi\u00e1tico del canciller Ebrard -otro prospecto presidencial-, por el \u201cincidente\u201d de la L\u00ednea 12 del Metro construida en su sexenio como jefe de Gobierno.<\/p>\n<p>A eso se debe que raudo y veloz el zacatecano secund\u00f3 a AMLO en eso de restaurar al INE \u201ccon un trabajo a fondo\u201d y ayer mismo emiti\u00f3 su punto de vista acerca del caso Garc\u00eda Cabeza de Baca.<\/p>\n<p><strong>TR\u00cdO FAVORITO-.<\/strong> Recuerde que a mediados de abril y con la discreci\u00f3n que le caracteriza, el padre de la Cuarta Transformaci\u00f3n anunci\u00f3 desde su p\u00falpito que la sucesi\u00f3n de hecho ya estaba planeada y obviamente los medios de comunicaci\u00f3n enlistaron a la jefa de Gobierno, el l\u00edder senatorial y al mejor comprador de pipas y vacunas.<\/p>\n<p>Con todo y sus limitaciones ret\u00f3ricas, la jefa de Gobierno, Claudia Sheinbaum, est\u00e1 en este tr\u00edo como \u00fanica mujer, el secretario de Relaciones Exteriores, Marcelo Ebrard, y desde luego, el coordinador de los senadores del Movimiento Regeneraci\u00f3n Nacional, Ricardo Monreal<\/p>\n<p>As\u00ed como est\u00e1n las cosas en la materia, los tres cuentan con jefes\u00a0 de prensa mucho m\u00e1s eficientes que han venido a sumar, no como el de Palacio Nacional, Jes\u00fas Ram\u00edrez, campe\u00f3n en restas y divisiones, como su jefe.<\/p>\n<p>Pero de los tres \u201cposibles\u201d para \u201cla grande\u201d, \u00bftodav\u00eda lo seguir\u00e1 siendo?, destaca el incondicional Ricardo Monreal, pues tan pronto AMLO anunci\u00f3 ajustes en el INE, el zacatecano lo secund\u00f3 diciendo que en la C\u00e1mara alta se ir\u00e1 a fondo en esa tarea y en el caso Cabeza de Baca igual.<\/p>\n<p>Pareciera ser que Monreal \u00c1vila pudiera estarse engolosinando con tanta adulaci\u00f3n, no vaya a ser que con tanto sahumerio le nuble la vista a ya sabe quien, s\u00ed, el mismo con el que frecuentemente almuerza chilaquiles y de inmediato sube las fotos a las redes sociales.<\/p>\n<p><strong>POL\u00cdTICA MEXIQUENSE-.<\/strong> El \u201cTR\u00cdO ILUSI\u00d3N\u201d han llamado al integrado por la lideresa tricolor Alejandra del Moral, el blanquiazul Jorge Inzunza y el aurinegro Cristian Campuzano, que juntos recorren municipios y distritos locales y federales en apoyo de sus candidatos, en alianza a las alcald\u00edas o diputaciones.<\/p>\n<p>De sus discursos ni hablar, pues tanto la priista Del Moral, el panista Inzunza y el perredista Campuzano se lanzan en contra de la Cuarta Transformaci\u00f3n a\u00a0 nivel federal, estatal y municipal. Atin\u00f3, pues tambi\u00e9n las y los aspirantes, nuevos, en reelecci\u00f3n o reciclados, secundan a sus superiores partidistas.<\/p>\n<p>Ocasionalmente los acompa\u00f1a la \u201cdelegada regional\u201d, Beatriz Paredes.<\/p>\n<p>Ayer visitaron <em>Hankistenco<\/em> y la octava maravilla del mundo, Xalatlaco.<\/p>\n<p>Tiempo y votos hablar\u00e1n al final.<\/p>\n<p><em><a href=\"mailto:elefa44@gmail.com\" target=\"_blank\" rel=\"noopener noreferrer\">elefa44@gmail.com<\/a><\/em><\/p>\n","protected":false},"excerpt":{"rendered":"<p><span style=\"color: #005497;\"><strong>Eleazar Flores<\/strong><\/span><\/p>\n","protected":false},"author":3,"featured_media":0,"comment_status":"open","ping_status":"open","sticky":false,"template":"","format":"standard","meta":{"_monsterinsights_skip_tracking":false,"_monsterinsights_sitenote_active":false,"_monsterinsights_sitenote_note":"","_monsterinsights_sitenote_category":0,"footnotes":""},"categories":[81743],"tags":[81744,81776,43674],"class_list":["post-507758","post","type-post","status-publish","format-standard","hentry","category-eleazar-flores","tag-eleazar-flores","tag-espacio-electoral","tag-opinion"],"_links":{"self":[{"href":"https:\/\/www.diarioimagen.net\/index.php?rest_route=\/wp\/v2\/posts\/507758","targetHints":{"allow":["GET"]}}],"collection":[{"href":"https:\/\/www.diarioimagen.net\/index.php?rest_route=\/wp\/v2\/posts"}],"about":[{"href":"https:\/\/www.diarioimagen.net\/index.php?rest_route=\/wp\/v2\/types\/post"}],"author":[{"embeddable":true,"href":"https:\/\/www.diarioimagen.net\/index.php?rest_route=\/wp\/v2\/users\/3"}],"replies":[{"embeddable":true,"href":"https:\/\/www.diarioimagen.net\/index.php?rest_route=%2Fwp%2Fv2%2Fcomments&post=507758"}],"version-history":[{"count":0,"href":"https:\/\/www.diarioimagen.net\/index.php?rest_route=\/wp\/v2\/posts\/507758\/revisions"}],"wp:attachment":[{"href":"https:\/\/www.diarioimagen.net\/index.php?rest_route=%2Fwp%2Fv2%2Fmedia&parent=507758"}],"wp:term":[{"taxonomy":"category","embeddable":true,"href":"https:\/\/www.diarioimagen.net\/index.php?rest_route=%2Fwp%2Fv2%2Fcategories&post=507758"},{"taxonomy":"post_tag","embeddable":true,"href":"https:\/\/www.diarioimagen.net\/index.php?rest_route=%2Fwp%2Fv2%2Ftags&post=507758"}],"curies":[{"name":"wp","href":"https:\/\/api.w.org\/{rel}","templated":true}]}}