{"id":507760,"date":"2021-05-21T00:11:52","date_gmt":"2021-05-21T05:11:52","guid":{"rendered":"https:\/\/www.diarioimagen.net\/?p=507760"},"modified":"2021-05-21T04:46:02","modified_gmt":"2021-05-21T09:46:02","slug":"entre-los-cuadros-ayer-fanaticos-de-morena-campea-la-derrota","status":"publish","type":"post","link":"https:\/\/www.diarioimagen.net\/?p=507760","title":{"rendered":"Entre los cuadros, ayer fan\u00e1ticos de Morena, campea la derrota\u00a0"},"content":{"rendered":"<h2>\u00cdndice pol\u00edtico<\/h2>\n<h5>Francisco Rodr\u00edguez<\/h5>\n<p>&nbsp;<\/p>\n<p>A mediados de la d\u00e9cada de los 70 del siglo anterior y durante una pl\u00e1tica de sobremesa en su restaurante preferido del barrio de San \u00c1ngel, y a poco de haber dado a luz <em>El estilo personal de gobernar<\/em>, una descripci\u00f3n integral del car\u00e1cter esquizoide del presidente Luis Echeverr\u00edia, don Daniel Cos\u00edo Villegas expres\u00f3 con su voz tipluda:<\/p>\n<p>\u201dA M\u00e9xico le hace falta ser gobernado por una gran dosis de sind\u00e9resis \u201c. A sus j\u00f3venes acompa\u00f1antes nos cost\u00f3 algo de trabajo interpretar el contenido del concepto. A base de investigarlo supimos que las contradicciones en el adjetivo, las tautolog\u00edas ignorantes se impon\u00edan sobre lo sensato. M\u00e9xico, el reino del c\u00edrculo cuadrado.<\/p>\n<p>La sind\u00e9resis est\u00e1 asociada al uso adecuado del entendimiento para la toma de decisiones y la emisi\u00f3n de juicios pr\u00e1cticos, cualidades que deben estar siempre presentes entre los gobernantes. La insensatez es lo opuesto a la sind\u00e9resis. Esta noci\u00f3n est\u00e1 vinculada a la prudencia, a la honradez y a la discreci\u00f3n.<\/p>\n<p>No hac\u00eda falta m\u00e1s para explicarse la vor\u00e1gine en la que hab\u00eda ca\u00eddo el pa\u00eds debido a la verborrea y a la incapacidad motora para el buen juicio. En su lugar, la tautolog\u00eda, la repetici\u00f3n de un pensamiento lineal, in\u00fatil y viciosa, estaba protegida por discursos mentirosos y de mal gusto, por simulacros ofensivos de lo superfluo.<\/p>\n<p style=\"text-align: center;\"><strong>No s\u00f3lo un sexenio perdido, sino una d\u00e9cada o tal vez m\u00e1s\u00a0<\/strong><\/p>\n<p>La sind\u00e9resis, esa virtud ausente, alud\u00eda a la necesidad de la sensatez, la l\u00f3gica y la rectitud a la hora de ejercer los actos de gobierno. Hacer lo adecuado para no tener necesidad de explicaciones rid\u00edculas y absolutamente falsas.<\/p>\n<p>La demagogia discursiva y el modito populista de hacerse el chistoso, no corresponde casi nunca a la realidad cotidiana. Las amenazas y las promesas de hacer lo que se les pide, sin concretar nada, atenta contra las m\u00e1s elementales razones de un mandato p\u00fablico. Los m\u00e1s grandes desbarres son ocultados por el enga\u00f1o.<\/p>\n<p>La noche cae hoy sobre esa pantomima de la Cuarta Transformaci\u00f3n que se ha convertido en un circo bufo. Los organismos latinoamericanos e internacionales auguran no s\u00f3lo un sexenio perdido, sino una d\u00e9cada o tal vez m\u00e1s, de generaciones tiradas al ca\u00f1o. Por eso el mandar\u00edn, en cada visita a la provincia se ve obligado a llegar en las madrugadas a los fortines militares, sabedor de que un poco m\u00e1s tarde, al clarear el d\u00eda, ser\u00e1 abucheado por la rabia de los pobladores.<\/p>\n<p style=\"text-align: center;\"><strong>Cree ser due\u00f1o de la raz\u00f3n y, si se equivoca, nadie puede corregirlo\u00a0<\/strong><\/p>\n<p>En todos los lugares, donde fue recipiendario del voto popular, hoy es el centro de la mofa, de la imprecaci\u00f3n y del rechazo. Y los que le gritan sus verdades no son fif\u00eds ni conservadores, son simplemente los que le dieron sus sufragios para ungirlo como portavoz de la esperanza en el cambio. Esa esperanza que se retira cuando ya no hay materia ni sentido.<\/p>\n<p>Hasta los empresarios favoritos que lo acompa\u00f1aron a la verg\u00fcenza de las reuniones con Trump en la Casa Blanca est\u00e1n desesperados. Comentan entre ellos que el Ejecutivo no entiende, menos se deja aconsejar o siquiera ayudar a salir del escollo. \u00c9l es el due\u00f1o de la raz\u00f3n y si est\u00e1 equivocado no hay poder humano que intente corregirlo.<\/p>\n<p>Gracias a sus descabelladas imposturas y decisiones de quinto patio, los datos duros arrojan una realidad inocultable: se fugan miles de millones de d\u00f3lares de inversionistas trasquilados, se pierde el grado de confianza, escasean las subsistencias, crecen las masacres y la inseguridad, aumenta compulsivamente la corrupci\u00f3n generalizada en todos los rubros del aparato p\u00fablico. <em>La Cuarta Decepci\u00f3n<\/em> trajo el aquelarre.<\/p>\n<p style=\"text-align: center;\"><strong>Descomposici\u00f3n de Morena porque Delgado no conecta con AMLO\u00a0<\/strong><\/p>\n<p>El temor del \u201ccaudillo\u201d a no estar en sus cabales lo lleva a chocar de frente con todos. Los asesores le redactan respuestas que sobrepasan los l\u00edmites de la raz\u00f3n, de la verdad objetiva y de la cordura, y \u00e9l pide cada d\u00eda m\u00e1s de ese veneno. El r\u00e9gimen est\u00e1 herido de muerte y el miedo se apodera de un sujeto con exagerada importancia personal.<\/p>\n<p>Qu\u00e9 triste es que el poder se escape de las manos y del control emocional sin haberlo ejercido, sin saber para qu\u00e9 serv\u00eda, sin llegar a conocerlo, sin haber dado una sola obra ni un solo empleo, s\u00f3lo utilizarlo para montarse en el macho de la reelecci\u00f3n insensata, que creo sinceramente que nunca llegar\u00e1.<\/p>\n<p>Y, ante ello, la descomposici\u00f3n interna de su partido, pues sus altos mandos no tienen relaci\u00f3n directa con las emociones de Palacio. Todos colmaron el plato\u200e, y ya no hay que repartir. Las posiciones y postulaciones, antes anheladas y peleadas, hoy son parte de un fest\u00edn que sabe a derrota. Las arengas populistas se vuelven insultos a velocidad turbo.<\/p>\n<p style=\"text-align: center;\"><strong>Morena no pudo hacer alianzas con los nuevos partiditos \u201csat\u00e9lite\u201d\u00a0<\/strong><\/p>\n<p>Y a no ser que a una rana le salgan pelos, las obras fara\u00f3nicas no detonar\u00e1n el desarrollo, la inversi\u00f3n o los empleos, salvo en el momento en que se hagan si los soldados-alba\u00f1iles dan chance de contratarse. De ah\u00ed en adelante s\u00f3lo chupar\u00e1n m\u00e1s presupuesto de las arcas p\u00fablicas tan sanjuaneadas. Ser\u00e1n m\u00e1s caprichos empobrecedores a fondo perdido.<\/p>\n<p>Y as\u00ed ning\u00fan culto a la personita puede progresar. La evidencia de los hechos, la condici\u00f3n tr\u00e1gica de la depresi\u00f3n econ\u00f3mica y de la miseria indican otros datos, datos duros sobre la ignorancia, la incapacidad y la enga\u00f1ifa del llamado nuevo r\u00e9gimen, el de la honestidad valiente.<\/p>\n<p>Morena no pudo hacer alianzas con los nuevos partiditos \u201csat\u00e9lite\u201d, inventados al vapor, porque la ley impide que los nuevos se recarguen sobre los lomos de los antiguos, deben pagar primero su \u201cderecho de piso\u201d, su raz\u00f3n de ser. Entonces, recurre a lo antinatura, a los que representan aquellos que en campa\u00f1a jur\u00f3 combatir la <em>Cuarta Decepci\u00f3n. \u00a0<\/em><\/p>\n<p style=\"text-align: center;\"><strong>Dante Delgado, el de los acuerdos en lo oscurito con el poder prestado\u00a0<\/strong><\/p>\n<p>Por el otro lado, el PAN, el PRI y el PRD, no pudieron jalar a Movimiento Ciudadano debido a los c\u00e1lculos convenencieros de la ch\u00e1chara, en la que siempre se ha sumergido Dante Delgado, el de los acuerdos en lo oscurito con el poder prestado. El que nada de muertito sobre cualquier cad\u00e1ver, tenga o no certificado de defunci\u00f3n. As\u00ed ha sido siempre.<\/p>\n<p>Pero la alianza federalista de \u201cVamos por M\u00e9xico\u201d tiene el apoyo de la sociedad civil, de los grupos lastimados por el poder desp\u00f3tico e insensato, de la gente de raz\u00f3n. Es, no una alianza t\u00f3xica para regresar a la corrupci\u00f3n, sino el aut\u00e9ntico veneno contra la ignorancia y el abuso del poder, contra la obsesi\u00f3n de reelegirse, de flotar en temporada de ciclones.<\/p>\n<p style=\"text-align: center;\"><strong>Viene la debacle. Est\u00e1 ya tocando a las puertas de Palacio Nacional\u00a0<\/strong><\/p>\n<p>El voto de castigo es predecible e inevitable. En pol\u00edtica hay dos reglas infalibles: lo que se siembra se cosecha, y los acompa\u00f1antes baratos, acaban costando demasiado caros. Entre los cuadros, ayer fan\u00e1ticos de Morena, campea la derrota y la rebeli\u00f3n contra el manejo pol\u00edtico imprudente.\u00a0 Se viene la debacle. Est\u00e1 ya tocando a las puertas del famoso \u201ccastillo de la pureza\u201d. Son millones contra un grupito perdido en la bruma de la demagogia y el populismo trasnochado.<\/p>\n<p>\u00bfNo cree usted?<\/p>\n<p><em><strong>\u00cdndice Flam\u00edgero<\/strong>:<\/em> Desde enero comenz\u00f3 la desbandada. Se van de Morena, fulano, zutano, menganita. As\u00ed se le\u00eda en los titulares de los diarios de las principales ciudades del pa\u00eds. En aquel momento, por el descontento provocado por la selecci\u00f3n de candidatos que, la verdad, se hizo \u201ccon las patas\u201d, relegando trayectorias, soslayando lealtad y entrega de los militantes. Sigue ahora la fuga de militantes y hasta de candidatos a diversos puestos de elecci\u00f3n. \u00bfSabe usted por qu\u00e9? Pues porque no se ven con posibilidades de ganar. Porque han sentido en carne propia el rechazo de la ciudadan\u00eda a los colores del partido de quien despacha y vive a nuestras costillas en el que originalmente fuera el Palacio Virreinal y hoy se asemeja a uno Imperial.<\/p>\n<p><em><u><a href=\"http:\/\/www.indicepolitico.com\" target=\"_blank\" rel=\"noopener noreferrer\">www.indicepolitico.com<\/a><\/u><u><br \/>\n<\/u><a href=\"mailto:indicepolitico@gmail.com\" target=\"_blank\" rel=\"noopener noreferrer\">indicepolitico@gmail.com<\/a><\/em><br \/>\n<em><a href=\"https:\/\/twitter.com\/indicepolitico?lang=es\" target=\"_blank\" rel=\"noopener noreferrer\">@IndicePolitico<\/a><\/em><br \/>\n<em><u><a href=\"https:\/\/twitter.com\/pacorodriguez\" target=\"_blank\" rel=\"noopener noreferrer\">@pacorodriguez<\/a><\/u><\/em><\/p>\n","protected":false},"excerpt":{"rendered":"<p><span style=\"color: #005497;\"><strong>Francisco Rodr\u00edguez<\/strong><\/span><br \/>\n<br \/>\nA mediados de la d\u00e9cada de los 70 del siglo anterior y durante una pl\u00e1tica de sobremesa en su restaurante preferido del barrio de San \u00c1ngel, y a poco de haber dado a luz <em>El estilo personal de gobernar<\/em>, una descripci\u00f3n integral del car\u00e1cter esquizoide del presidente Luis Echeverr\u00edia, don Daniel Cos\u00edo Villegas expres\u00f3 con su voz tipluda:<\/p>\n","protected":false},"author":3,"featured_media":0,"comment_status":"open","ping_status":"open","sticky":false,"template":"","format":"standard","meta":{"_monsterinsights_skip_tracking":false,"_monsterinsights_sitenote_active":false,"_monsterinsights_sitenote_note":"","_monsterinsights_sitenote_category":0,"footnotes":""},"categories":[549],"tags":[43689,550,43674],"class_list":["post-507760","post","type-post","status-publish","format-standard","hentry","category-francisco-rodriguez","tag-francisco-rodriguez","tag-indice-politico","tag-opinion"],"_links":{"self":[{"href":"https:\/\/www.diarioimagen.net\/index.php?rest_route=\/wp\/v2\/posts\/507760","targetHints":{"allow":["GET"]}}],"collection":[{"href":"https:\/\/www.diarioimagen.net\/index.php?rest_route=\/wp\/v2\/posts"}],"about":[{"href":"https:\/\/www.diarioimagen.net\/index.php?rest_route=\/wp\/v2\/types\/post"}],"author":[{"embeddable":true,"href":"https:\/\/www.diarioimagen.net\/index.php?rest_route=\/wp\/v2\/users\/3"}],"replies":[{"embeddable":true,"href":"https:\/\/www.diarioimagen.net\/index.php?rest_route=%2Fwp%2Fv2%2Fcomments&post=507760"}],"version-history":[{"count":0,"href":"https:\/\/www.diarioimagen.net\/index.php?rest_route=\/wp\/v2\/posts\/507760\/revisions"}],"wp:attachment":[{"href":"https:\/\/www.diarioimagen.net\/index.php?rest_route=%2Fwp%2Fv2%2Fmedia&parent=507760"}],"wp:term":[{"taxonomy":"category","embeddable":true,"href":"https:\/\/www.diarioimagen.net\/index.php?rest_route=%2Fwp%2Fv2%2Fcategories&post=507760"},{"taxonomy":"post_tag","embeddable":true,"href":"https:\/\/www.diarioimagen.net\/index.php?rest_route=%2Fwp%2Fv2%2Ftags&post=507760"}],"curies":[{"name":"wp","href":"https:\/\/api.w.org\/{rel}","templated":true}]}}