{"id":507877,"date":"2021-05-24T00:05:31","date_gmt":"2021-05-24T05:05:31","guid":{"rendered":"https:\/\/www.diarioimagen.net\/?p=507877"},"modified":"2021-05-24T05:23:35","modified_gmt":"2021-05-24T10:23:35","slug":"desde-manana-vacunacion-para-personas-de-50-a-59-anos-en-7-alcaldias-restantes-de-la-cdmx","status":"publish","type":"post","link":"https:\/\/www.diarioimagen.net\/?p=507877","title":{"rendered":"Desde ma\u00f1ana, vacunaci\u00f3n para personas de 50 a 59 a\u00f1os en 7 alcald\u00edas restantes de la CDMX"},"content":{"rendered":"<p>&nbsp;<\/p>\n<ul>\n<li><strong><em>Concluye esquema para adultos mayores, del 1 al 5 de junio<\/em><\/strong><\/li>\n<\/ul>\n<p>&nbsp;<\/p>\n<div id=\"attachment_507969\" style=\"width: 470px\" class=\"wp-caption aligncenter\"><a href=\"https:\/\/www.diarioimagen.net\/?attachment_id=507969\" rel=\"attachment wp-att-507969\"><img loading=\"lazy\" decoding=\"async\" aria-describedby=\"caption-attachment-507969\" class=\"size-full wp-image-507969\" src=\"https:\/\/www.diarioimagen.net\/wp-content\/uploads\/2021\/05\/VACUNACION-CDMX-2.jpg\" alt=\"\" width=\"460\" height=\"270\" \/><\/a><p id=\"caption-attachment-507969\" class=\"wp-caption-text\">Esta semana se aplicar\u00e1 la primera dosis anti-Covid a 526 mil 210 personas de entre 50 a 59 a\u00f1os de las siete alcald\u00edas de CDMX restantes.<\/p><\/div>\n<p>&nbsp;<\/p>\n<p>Esta semana se llevar\u00e1 a cabo la vacunaci\u00f3n contra Covid-19 a 526 mil 210 personas de entre 50 a 59 a\u00f1os residentes de las siete alcald\u00edas restantes de inmunizar, por lo que concluir\u00e1 la aplicaci\u00f3n de la primera dosis a personas de esta edad residentes de la capital.<\/p>\n<p>Del 25 de mayo al 29 de mayo se aplicar\u00e1 la vacuna Pfizer-BioNTech a los residentes de Coyoac\u00e1n, Tlalpan, Venustiano Carranza, Azcapotzalco, Benito Ju\u00e1rez y Miguel Hidalgo. En tanto, en \u00c1lvaro Obreg\u00f3n se aplicar\u00e1 la vacuna Sputnik-V, inform\u00f3 la delegada Estatal de los Programas de Desarrollo para el Bienestar en la Ciudad de M\u00e9xico, Cristina Cruz.<\/p>\n<p>El calendario de aplicaci\u00f3n de vacuna depender\u00e1 del primer apellido de las personas, A, B y C\u00a0 ser\u00e1 el Martes 25 de mayo; D, E, F y G el 26 de mayo; H, I, J, K, L, M ser\u00e1 el jueves 27 de mayo; N, \u00d1, O, P, Q, R, el viernes 28 de mayo; S, T, U, V, W, X, Y, Z y rezagados el 29 de mayo.<\/p>\n<p>Sedes de vacunaci\u00f3n en \u00c1lvaro Obreg\u00f3n son: Expo Santa Fe y la Universidad de la Polic\u00eda; en Coyoac\u00e1n: Centro de Exposiciones de C.U. y CENCIS Marina; en Tlalpan: Six Flags M\u00e9xico y Prepa 5; mientras que en Venustiano Carranza ser\u00e1 el Palacio de los Deportes.<\/p>\n<p style=\"text-align: center;\"><strong>Conclusi\u00f3n de esquema para los adultos mayores, del 1 al 5 de junio<\/strong><\/p>\n<p>Eduardo Clark Garc\u00eda Dobarganes, director general de Gobierno Digital de la Agencia Digital de Innovaci\u00f3n P\u00fablica (ADIP) inform\u00f3 que la aplicaci\u00f3n de la segunda dosis de las personas de la tercera edad de las alcald\u00edas Benito Ju\u00e1rez, \u00c1lvaro Obreg\u00f3n y Cuauht\u00e9moc comenzar\u00e1 el pr\u00f3ximo 1 de junio y concluir\u00e1 hasta el 5 de junio, por lo que ya estar\u00e1n vacunados con las dos dosis todas las personas adultas mayores de la capital.<\/p>\n","protected":false},"excerpt":{"rendered":"<p>Esta semana se llevar\u00e1 a cabo la vacunaci\u00f3n contra Covid-19 a 526 mil 210 personas de entre 50 a 59 a\u00f1os residentes de las siete alcald\u00edas restantes de inmunizar, por lo que concluir\u00e1 la aplicaci\u00f3n de la primera dosis a personas de esta edad residentes de la capital.<\/p>\n","protected":false},"author":3,"featured_media":507969,"comment_status":"open","ping_status":"open","sticky":false,"template":"","format":"standard","meta":{"_monsterinsights_skip_tracking":false,"_monsterinsights_sitenote_active":false,"_monsterinsights_sitenote_note":"","_monsterinsights_sitenote_category":0,"footnotes":""},"categories":[6],"tags":[34444,43692,4713],"class_list":["post-507877","post","type-post","status-publish","format-standard","has-post-thumbnail","hentry","category-cd-de-mexico","tag-cdmx","tag-salud","tag-vacuna"],"_links":{"self":[{"href":"https:\/\/www.diarioimagen.net\/index.php?rest_route=\/wp\/v2\/posts\/507877","targetHints":{"allow":["GET"]}}],"collection":[{"href":"https:\/\/www.diarioimagen.net\/index.php?rest_route=\/wp\/v2\/posts"}],"about":[{"href":"https:\/\/www.diarioimagen.net\/index.php?rest_route=\/wp\/v2\/types\/post"}],"author":[{"embeddable":true,"href":"https:\/\/www.diarioimagen.net\/index.php?rest_route=\/wp\/v2\/users\/3"}],"replies":[{"embeddable":true,"href":"https:\/\/www.diarioimagen.net\/index.php?rest_route=%2Fwp%2Fv2%2Fcomments&post=507877"}],"version-history":[{"count":0,"href":"https:\/\/www.diarioimagen.net\/index.php?rest_route=\/wp\/v2\/posts\/507877\/revisions"}],"wp:featuredmedia":[{"embeddable":true,"href":"https:\/\/www.diarioimagen.net\/index.php?rest_route=\/wp\/v2\/media\/507969"}],"wp:attachment":[{"href":"https:\/\/www.diarioimagen.net\/index.php?rest_route=%2Fwp%2Fv2%2Fmedia&parent=507877"}],"wp:term":[{"taxonomy":"category","embeddable":true,"href":"https:\/\/www.diarioimagen.net\/index.php?rest_route=%2Fwp%2Fv2%2Fcategories&post=507877"},{"taxonomy":"post_tag","embeddable":true,"href":"https:\/\/www.diarioimagen.net\/index.php?rest_route=%2Fwp%2Fv2%2Ftags&post=507877"}],"curies":[{"name":"wp","href":"https:\/\/api.w.org\/{rel}","templated":true}]}}