{"id":507893,"date":"2021-05-24T00:03:51","date_gmt":"2021-05-24T05:03:51","guid":{"rendered":"https:\/\/www.diarioimagen.net\/?p=507893"},"modified":"2021-05-24T05:58:08","modified_gmt":"2021-05-24T10:58:08","slug":"la-aspirante-panista-karla-fiesco-hara-campana-virtual-en-c-izcalli-tras-dar-positivo-a-covid","status":"publish","type":"post","link":"https:\/\/www.diarioimagen.net\/?p=507893","title":{"rendered":"La aspirante panista\u00a0Karla Fiesco har\u00e1 campa\u00f1a virtual en C. Izcalli, tras dar positivo a Covid"},"content":{"rendered":"<p><strong>\u00a0<\/strong><\/p>\n<p><a href=\"https:\/\/www.diarioimagen.net\/?attachment_id=508015\" rel=\"attachment wp-att-508015\"><img loading=\"lazy\" decoding=\"async\" class=\"aligncenter wp-image-508015 size-full\" src=\"https:\/\/www.diarioimagen.net\/wp-content\/uploads\/2021\/05\/cuautitlan-4.jpg\" alt=\"\" width=\"460\" height=\"270\" \/><\/a><\/p>\n<p>&nbsp;<\/p>\n<p><strong>Cuautitl\u00e1n Izcalli, Estado de M\u00e9xico.-<\/strong> Karla Fiesco Garc\u00eda, candidata del PAN a la presidencia de Cuautitl\u00e1n Izcalli, inform\u00f3 tras salir positiva a una prueba de coronavirus SARS-CoV2 (COVID-19), intensificar\u00e1 su campa\u00f1a de manera virtual.<\/p>\n<p>Durante su mensaje, la candidata dijo encontrarse estable; \u201cesta situaci\u00f3n s\u00f3lo ser\u00e1 un motivo para redoblar esfuerzos y seguir caminando con los izcallenses a la distancia por que los izcallenses somos fuertes, somos valientes, somos unidos y somos inquebrantables\u201d, refiri\u00f3.<\/p>\n<p>&nbsp;<\/p>\n","protected":false},"excerpt":{"rendered":"<p>Karla Fiesco Garc\u00eda, candidata del PAN a la presidencia de Cuautitl\u00e1n Izcalli, inform\u00f3 tras salir positiva a una prueba de coronavirus SARS-CoV2 (COVID-19), intensificar\u00e1 su campa\u00f1a de manera virtual.<\/p>\n","protected":false},"author":3,"featured_media":508015,"comment_status":"open","ping_status":"open","sticky":false,"template":"","format":"standard","meta":{"_monsterinsights_skip_tracking":false,"_monsterinsights_sitenote_active":false,"_monsterinsights_sitenote_note":"","_monsterinsights_sitenote_category":0,"footnotes":""},"categories":[5],"tags":[971,43675,93011],"class_list":["post-507893","post","type-post","status-publish","format-standard","has-post-thumbnail","hentry","category-estado-de-mexico","tag-cuautitlan-izcalli","tag-estado-de-mexico","tag-karla-fiesco-garcia"],"_links":{"self":[{"href":"https:\/\/www.diarioimagen.net\/index.php?rest_route=\/wp\/v2\/posts\/507893","targetHints":{"allow":["GET"]}}],"collection":[{"href":"https:\/\/www.diarioimagen.net\/index.php?rest_route=\/wp\/v2\/posts"}],"about":[{"href":"https:\/\/www.diarioimagen.net\/index.php?rest_route=\/wp\/v2\/types\/post"}],"author":[{"embeddable":true,"href":"https:\/\/www.diarioimagen.net\/index.php?rest_route=\/wp\/v2\/users\/3"}],"replies":[{"embeddable":true,"href":"https:\/\/www.diarioimagen.net\/index.php?rest_route=%2Fwp%2Fv2%2Fcomments&post=507893"}],"version-history":[{"count":0,"href":"https:\/\/www.diarioimagen.net\/index.php?rest_route=\/wp\/v2\/posts\/507893\/revisions"}],"wp:featuredmedia":[{"embeddable":true,"href":"https:\/\/www.diarioimagen.net\/index.php?rest_route=\/wp\/v2\/media\/508015"}],"wp:attachment":[{"href":"https:\/\/www.diarioimagen.net\/index.php?rest_route=%2Fwp%2Fv2%2Fmedia&parent=507893"}],"wp:term":[{"taxonomy":"category","embeddable":true,"href":"https:\/\/www.diarioimagen.net\/index.php?rest_route=%2Fwp%2Fv2%2Fcategories&post=507893"},{"taxonomy":"post_tag","embeddable":true,"href":"https:\/\/www.diarioimagen.net\/index.php?rest_route=%2Fwp%2Fv2%2Ftags&post=507893"}],"curies":[{"name":"wp","href":"https:\/\/api.w.org\/{rel}","templated":true}]}}