{"id":507914,"date":"2021-05-24T00:02:46","date_gmt":"2021-05-24T05:02:46","guid":{"rendered":"https:\/\/www.diarioimagen.net\/?p=507914"},"modified":"2021-05-24T04:05:54","modified_gmt":"2021-05-24T09:05:54","slug":"lopez-obrador-y-su-dispersa-economia-moral","status":"publish","type":"post","link":"https:\/\/www.diarioimagen.net\/?p=507914","title":{"rendered":"L\u00f3pez Obrador y su dispersa \u201ceconom\u00eda moral\u201d"},"content":{"rendered":"<h2>La Retaguardia<\/h2>\n<h5>Adriana Moreno Cordero<\/h5>\n<p>&nbsp;<\/p>\n<ul>\n<li><strong><em>En Naucalpan, se le puede despejar el terreno a Jos\u00e9 Adolfo Murat<\/em><\/strong><\/li>\n<\/ul>\n<p>&nbsp;<\/p>\n<p>Luego de que el presidente <strong>Andr\u00e9s Manuel L\u00f3pez Obrador<\/strong> arremetiera en su gustad\u00edsima \u201cma\u00f1anera\u201d del viernes pasado en contra del Banco de M\u00e9xico y su gobernador, <strong>Alejandro D\u00edaz de Le\u00f3n<\/strong>, porque dicha instituci\u00f3n no le ha dado remanentes, es decir, recursos para su llamada Cuarta Transformaci\u00f3n, cuya suerte ser\u00eda igual que la de otros dineros que supuestamente se ahorran del \u201caustericidio\u201d implementado por el tabasque\u00f1o, es decir, qui\u00e9n sabe a d\u00f3nde a d\u00f3nde ir\u00edan a parar; a lo mejor al mism\u00edsimo Palacio Nacional<\/p>\n<p>Total, que el Jefe del Ejecutivo anunci\u00f3 de pasada, que impedir\u00e1 la reelecci\u00f3n de D\u00edaz de Le\u00f3n, que concluye su periodo al frente de Banxico el 31 de diciembre, porque sin duda lo considera neoliberal y conservador y por eso, propondr\u00e1 para sustituirlo a un especialista en \u201ceconom\u00eda moral\u201d, \u201ccon dimensi\u00f3n social y mucho prestigio\u201d, pero lo cierto es que a lo largo de su gesti\u00f3n, su concepto de econom\u00eda moral es muy disperso, ni \u00e9l le entiende y con eso de que pide a sus funcionarios 10 por ciento de conocimientos y 90 por ciento de lealtad, ciega, eso s\u00ed, pues no se ve qu\u00e9 distinguido miembro de esta llamada Cuarta Transformaci\u00f3n pudiera salir al quite en la importante posici\u00f3n de gobernador, o gobernadora del Banco de M\u00e9xico.<\/p>\n<p>Pero si eso de la tan llevada y tra\u00edda econom\u00eda moral resulta ser como aquella famosa cartilla moral que L\u00f3pez Obrador distribuy\u00f3 al inicio de su administraci\u00f3n y que no sirvi\u00f3 para nada, sin duda, la econom\u00eda nacional peligra y gravemente. De hecho, en cuanto el Presidente hizo el anuncio lleno de v\u00edsceras y rencor, el precio se depreci\u00f3, lo que habla de la poca solidez que tiene el inquilino de Palacio Nacional, no s\u00f3lo en el terreno econ\u00f3mico.<\/p>\n<p>Otra parte que le preocupa al Presidente, es seguir haciendo campa\u00f1a a favor de sus candidatos hasta pr\u00e1cticamente horas antes de la m\u00e1s importante jornada electoral. Como se ha consignado en este espacio, cada vez son m\u00e1s las voces que anuncian que su partido, Morena, perder\u00e1 la mayor\u00eda en la C\u00e1mara de Diputados, por eso, el fin de semana realiz\u00f3 una \u201cgira privada\u201d en Veracruz, donde est\u00e1 uno de sus gobernadores consentidos, <strong>Cuitl\u00e1huac Garc\u00eda<\/strong>, que tiene al estado en una deplorable situaci\u00f3n.<\/p>\n<p>Al concluir dicha \u201cgira privada\u201d, L\u00f3pez Obrador se dedic\u00f3 a lo suyo, el proselitismo a favor de sus candidatos y llama la atenci\u00f3n, que en el video que se public\u00f3 por las \u201cex benditas redes\u201d, hizo especial \u00e9nfasis en que su sola presencia, estaba reuniendo mucha gente. \u00bfSer\u00e1?<\/p>\n<p>De cualquier manera, el proselitismo desplegado por el Presidente, constituye tambi\u00e9n una violaci\u00f3n a las medidas sanitarias que deber\u00edan de respetarse como producto de la pandemia de Covid-19.<\/p>\n<p>Y haci\u00e9ndole el \u201cuno, dos\u201d, estuvo el dirigente de Morena, Mario Mart\u00edn Delgado, quien se dedic\u00f3 a avivar la guerra, -porque eso se ha vuelto-, entre el partido oficial y el PAN, especialmente, por el expediente del gobernador de Tamaulipas, <strong>Francisco Javier Garc\u00eda Cabeza de Vaca<\/strong>.<\/p>\n<p>\u201cYa conocen a los panistas, que les gustan meterle mano a las elecciones, ya ustedes saben que est\u00e1n ama\u00f1ados con los empleados que tienen en el INE\u201d, dijo en un mitin celebrado en Le\u00f3n, Guanajuato, Delgado Carrillo, una acusaci\u00f3n que sin duda, resulta muy grave y que tendr\u00eda que demostrar como tambi\u00e9n el acusar al Instituto que preside <strong>Lorenzo C\u00f3rdova<\/strong> de \u201candar cazando a nuestros candidatos, nos quieren robar\u201d.<\/p>\n<p style=\"text-align: center;\"><strong>Municiones<\/strong><\/p>\n<p>*** El caso de la aprehensi\u00f3n o no del gobernador\u00a0 Garc\u00eda Cabeza de Vaca, una de las secuelas en que en diversos medios se ha difundido que el referido mandatario estatal presuntamente habr\u00eda financiado la campa\u00f1a ni m\u00e1s ni menos que de <strong>Ang\u00e9lica Moya<\/strong>, la candidata de la coalici\u00f3n PAN-PRI-PRD a la presidencia municipal de Naucalpan y de la abanderada a la C\u00e1mara de Diputados federal de la misma coalici\u00f3n. Por lo menos en este rengl\u00f3n, tendr\u00edan que aclararse las cosas, pero a d\u00edas de la elecci\u00f3n del 6 de junio, en el caso de la presidencia municipal naucalpense, se le estar\u00eda abriendo el camino al candidato de Movimiento Ciudadano a esa misma posici\u00f3n, <strong>Jos\u00e9 Adolfo Murat<\/strong>, que ha hecho una intensa campa\u00f1a de vinculaci\u00f3n con la ciudadan\u00eda. <strong>Juan Carlos Hern\u00e1ndez<\/strong> es un nombre que a primera vista no nos dice nada, pero si se repara en que es el representante del gobierno de Tamaulipas. El PAN mexiquense, seg\u00fan se sabe, estar\u00eda buscando pr\u00e1cticamente \u201ccon los dedos en la puerta\u201d, a nuevas candidatas que no tengan nada que ver con el gobernador de Tamaulipas. \u00a1Qu\u00e9 tal!<\/p>\n<p>*** Por cierto y en este mismo tenor, El Instituto Electoral del Estado de M\u00e9xico\u00a0<em>acord\u00f3 la procedencia<\/em>\u00a0de la solicitud de Jos\u00e9 Adolfo Murat, para llevar a cabo un debate p\u00fablico y que se convoque a todos los candidatos a este cargo, con la finalidad de que la ciudadan\u00eda conozca las propuestas de campa\u00f1a y tenga la oportunidad de emitir un voto razonado. celebr\u00f3 la respuesta del Instituto Electoral, por ser un derecho democr\u00e1tico y aguarda que, como lo marca el acuerdo, con base en el art\u00edculo 15 de los Lineamientos de Debates 2021, se d\u00e9 a conocer a todos los aspirantes a la presidencia municipal de Naucalpan, la fecha, hora, lugar y formato que estipule la instituci\u00f3n, para realizar el encuentro.<\/p>\n<p>*** El candidato de la coalici\u00f3n Juntos Haremos Historia a la alcald\u00eda Miguel Hidalgo, <strong>V\u00edctor Hugo Romo<\/strong>, anunci\u00f3 la creaci\u00f3n de la primera Academia de Box \u201c<strong>Juan Manuel M\u00e1rquez<\/strong>\u201d, que estar\u00e1 ubicada en el barrio de Santa Julia, colonia Tlaxpana. Durante un mitin\u00a0 en el que estuvo acompa\u00f1ado del campe\u00f3n Marquez, Romo Guerra dio a conocer que se crear\u00e1 esta escuela en beneficio de las y los j\u00f3venes que requieren cada d\u00eda m\u00e1s espacios deportivos. Asimismo resalt\u00f3 que el boxeo es un\u00a0 deporte fundamental para alejar a las juventudes de la drogadicci\u00f3n y el alcoholismo. Se trata, resalt\u00f3 Romo, de que al crear nuevas opciones para realizar actividades deportivas trabajamos para evitar la desintegraci\u00f3n familiar. Por su parte, el candidato a diputado federal por el PVEM y campe\u00f3n mundial de boxeo Juan Manuel M\u00e1rquez coment\u00f3 parte de lo que har\u00e1 desde el Poder Legislativo: \u201cEn el boxeo, hay mucho futuro para las y los j\u00f3venes, vamos a legislar para que desde el barrio se tengan las facilidades y condiciones para practicar deporte y as\u00ed surjan nuevos\u00a0 talentos en este y otros\u00a0 deportes\u201d.<\/p>\n<p><u><a href=\"mailto:morcora@gmail.com\" target=\"_blank\" rel=\"noopener noreferrer\"><em>morcora@gmail.com<\/em><\/a><\/u><\/p>\n","protected":false},"excerpt":{"rendered":"<p><span style=\"color: #005497;\"><strong>Adriana Moreno Cordero<\/strong><\/span><\/p>\n","protected":false},"author":3,"featured_media":0,"comment_status":"open","ping_status":"open","sticky":false,"template":"","format":"standard","meta":{"_monsterinsights_skip_tracking":false,"_monsterinsights_sitenote_active":false,"_monsterinsights_sitenote_note":"","_monsterinsights_sitenote_category":0,"footnotes":""},"categories":[69370],"tags":[69369,69368,43674],"class_list":["post-507914","post","type-post","status-publish","format-standard","hentry","category-adriana-moreno-cordero","tag-adriana-moreno-cordero","tag-la-retaguardia","tag-opinion"],"_links":{"self":[{"href":"https:\/\/www.diarioimagen.net\/index.php?rest_route=\/wp\/v2\/posts\/507914","targetHints":{"allow":["GET"]}}],"collection":[{"href":"https:\/\/www.diarioimagen.net\/index.php?rest_route=\/wp\/v2\/posts"}],"about":[{"href":"https:\/\/www.diarioimagen.net\/index.php?rest_route=\/wp\/v2\/types\/post"}],"author":[{"embeddable":true,"href":"https:\/\/www.diarioimagen.net\/index.php?rest_route=\/wp\/v2\/users\/3"}],"replies":[{"embeddable":true,"href":"https:\/\/www.diarioimagen.net\/index.php?rest_route=%2Fwp%2Fv2%2Fcomments&post=507914"}],"version-history":[{"count":0,"href":"https:\/\/www.diarioimagen.net\/index.php?rest_route=\/wp\/v2\/posts\/507914\/revisions"}],"wp:attachment":[{"href":"https:\/\/www.diarioimagen.net\/index.php?rest_route=%2Fwp%2Fv2%2Fmedia&parent=507914"}],"wp:term":[{"taxonomy":"category","embeddable":true,"href":"https:\/\/www.diarioimagen.net\/index.php?rest_route=%2Fwp%2Fv2%2Fcategories&post=507914"},{"taxonomy":"post_tag","embeddable":true,"href":"https:\/\/www.diarioimagen.net\/index.php?rest_route=%2Fwp%2Fv2%2Ftags&post=507914"}],"curies":[{"name":"wp","href":"https:\/\/api.w.org\/{rel}","templated":true}]}}