{"id":507918,"date":"2021-05-24T00:04:17","date_gmt":"2021-05-24T05:04:17","guid":{"rendered":"https:\/\/www.diarioimagen.net\/?p=507918"},"modified":"2021-05-24T04:11:22","modified_gmt":"2021-05-24T09:11:22","slug":"florero-de-bucareli","status":"publish","type":"post","link":"https:\/\/www.diarioimagen.net\/?p=507918","title":{"rendered":"\u201cFlorero\u201d de Bucareli"},"content":{"rendered":"<h2>Perfil de M\u00e9xico<\/h2>\n<h5>Armando R\u00edos Ruiz<\/h5>\n<p>&nbsp;<\/p>\n<p>De veras que la secretaria de Gobernaci\u00f3n, Olga S\u00e1nchez Cordero, se gan\u00f3 a pulso el mote de \u201cflorero\u201d. Muchos nos preguntamos: \u00bfqu\u00e9 hace all\u00ed? Cuando pudo haber tenido un retiro digno de la Suprema Corte, en donde ahora nos hace suponer que el cargo de ministra debe haberle quedado inmenso, ya que desde hace dos a\u00f1os s\u00f3lo nos ha hecho ver que su presencia en la secretar\u00eda a su cargo, le sirve para hacer exactamente nada. Bueno, para darle por su lado al patr\u00f3n.<\/p>\n<p>Tiene dinero para nadar en \u00e9l. Ganado con el sueldo de f\u00e1bula que ten\u00eda en la m\u00e1xima tribuna de la ley y que a\u00fan cobra. Su esposo es un destacado notario p\u00fablico que, como cualquiera otro, obtiene bastante por sus servicios. Cuando inici\u00f3 la presente administraci\u00f3n dijo que pod\u00eda darse el lujo de no cobrar un centavo y de trabajar s\u00f3lo por amor al arte. S\u00f3lo que no ha cumplido, porque no hace nada. O tal vez sea mucho avalar los caprichos del jefe.<\/p>\n<p>\u00bfRecuerdan que se opuso a que el gobernador de Baja California, Jaime Bonilla, gobernara seis a\u00f1os, cuando la norma estipulaba que su permanencia ten\u00eda que ser de dos? Con la ley en la mano declar\u00f3 repetidas veces que era ilegal la intenci\u00f3n del ahora gobernador y del mismo Presidente del pa\u00eds. Pero fue exhibida en un video en el que alegremente depart\u00eda con el aspirante y en el que con risas muy elocuentes se burlaba de sus propios dichos.<\/p>\n<p>Hoy no necesita hacer nada, m\u00e1s que avalar caprichos. Su jefe act\u00faa por ella. O sea que tiene un trabajo muy c\u00f3modo. Pero vi\u00e9ndolo bien podr\u00eda hacer algo: renunciar e irse a su lujoso departamento en Houston. \u00bfPara qu\u00e9 permanece en una secretar\u00eda en donde est\u00e1 de sobra y no hace m\u00e1s que el rid\u00edculo?<\/p>\n<p>El art\u00edculo 27 La Ley Org\u00e1nica de la Administraci\u00f3n P\u00fablica Federal, fracci\u00f3n XI, da a la\u00a0Secretar\u00eda<strong>\u00a0<\/strong>de<strong>\u00a0<\/strong>Gobernaci\u00f3n, la atribuci\u00f3n de \u201cvigilar el cumplimiento de los preceptos constitucionales por parte de las autoridades del pa\u00eds; de coordinar en vinculaci\u00f3n con las organizaciones de la sociedad civil, trabajos y tareas de promoci\u00f3n y defensa de los derechos humanos y dar seguimiento a la atenci\u00f3n de las recomendaciones que emitan los organismos competentes en dicha materia; as\u00ed como dictar las medidas administrativas necesarias para tal efecto\u201d.<\/p>\n<p>Bueno. Est\u00e1 de sobra. Pero acaba de declarar que los candidatos a diferentes cargos de elecci\u00f3n popular no buscaron protecci\u00f3n y por lo tanto, no la tienen. Lo acaba de recapacitar, cuando el menos iluminado \u2013hasta un chairo, que ya es mucho\u2212, hubiera discurrido que en estos tiempos en los que el crimen campea a lo largo y ancho del territorio nacional, lo m\u00e1s seguro es que acechen a muchos, en virtud de que los delincuentes tambi\u00e9n tienen aspiraciones pol\u00edticas.<\/p>\n<p>M\u00e1xime cuando en todos lados se escuchan voces que se\u00f1alan las amenazas de que son v\u00edctimas. Verbigracia y s\u00f3lo por se\u00f1alar un caso, lo que ocurri\u00f3 en Valle de Bravo con la candidata de la coalici\u00f3n PRI, PAN, PRD a la alcald\u00eda, Zudikey Rodr\u00edguez, \u201clevantada\u201d por un grupo armado cuando hac\u00eda trabajo de proselitismo, e invitada a bajarse de la campa\u00f1a con amenazas de muerte.<\/p>\n<p>Do\u00f1a Olga no tuvo antes la iniciativa de pregonar, que est\u00e1 dispuesta a brindar protecci\u00f3n. Ni siquiera porque el mayor n\u00famero de se\u00f1alamientos de pertenecer a grupos delictivos, ha reca\u00eddo en los aspirantes de Morena. Ni siquiera por saber, porque debe tener alguna capacidad para registrarlo, que casos como el anterior deben de darse, toda vez que su patr\u00f3n ha prohijado la idea de proteger a las sociedades criminales con su estrategia de \u201cabrazos, no balazos\u201d.<\/p>\n<p>Ni siquiera por los comentarios, a diestra y siniestra, de que en determinados lugares debe ganar el candidato de Morena, contra todo lo que pueda oponerse y hasta con violaciones a las leyes, porque se necesita \u201ccuidar la plaza\u201d. Cierto o no, est\u00e1 obligada a atender esta clase de advertencias.<\/p>\n<p>\u00bfQu\u00e9 ocurrir\u00e1 en el caso de ese municipio del estado de M\u00e9xico? Debe haber otros casos parecidos, s\u00f3lo que ejecutados en secreto. El anterior se conoci\u00f3 porque fue realizado a la luz p\u00fablica, como el asesinato de Abel Murrieta, en Cajeme, Sonora.<\/p>\n<p><a href=\"mailto:ariosruiz@gmail.com\" target=\"_blank\" rel=\"noopener noreferrer\"><em>ariosruiz@gmail.com<\/em><\/a><\/p>\n","protected":false},"excerpt":{"rendered":"<p><span style=\"color: #005497;\"><strong>Armando R\u00edos Ruiz<\/strong><\/span><\/p>\n","protected":false},"author":3,"featured_media":0,"comment_status":"open","ping_status":"open","sticky":false,"template":"","format":"standard","meta":{"_monsterinsights_skip_tracking":false,"_monsterinsights_sitenote_active":false,"_monsterinsights_sitenote_note":"","_monsterinsights_sitenote_category":0,"footnotes":""},"categories":[88405],"tags":[88407,43674,91193],"class_list":["post-507918","post","type-post","status-publish","format-standard","hentry","category-armando-rios-ruiz","tag-armando-rios-ruiz","tag-opinion","tag-perfil-de-mexico"],"_links":{"self":[{"href":"https:\/\/www.diarioimagen.net\/index.php?rest_route=\/wp\/v2\/posts\/507918","targetHints":{"allow":["GET"]}}],"collection":[{"href":"https:\/\/www.diarioimagen.net\/index.php?rest_route=\/wp\/v2\/posts"}],"about":[{"href":"https:\/\/www.diarioimagen.net\/index.php?rest_route=\/wp\/v2\/types\/post"}],"author":[{"embeddable":true,"href":"https:\/\/www.diarioimagen.net\/index.php?rest_route=\/wp\/v2\/users\/3"}],"replies":[{"embeddable":true,"href":"https:\/\/www.diarioimagen.net\/index.php?rest_route=%2Fwp%2Fv2%2Fcomments&post=507918"}],"version-history":[{"count":0,"href":"https:\/\/www.diarioimagen.net\/index.php?rest_route=\/wp\/v2\/posts\/507918\/revisions"}],"wp:attachment":[{"href":"https:\/\/www.diarioimagen.net\/index.php?rest_route=%2Fwp%2Fv2%2Fmedia&parent=507918"}],"wp:term":[{"taxonomy":"category","embeddable":true,"href":"https:\/\/www.diarioimagen.net\/index.php?rest_route=%2Fwp%2Fv2%2Fcategories&post=507918"},{"taxonomy":"post_tag","embeddable":true,"href":"https:\/\/www.diarioimagen.net\/index.php?rest_route=%2Fwp%2Fv2%2Ftags&post=507918"}],"curies":[{"name":"wp","href":"https:\/\/api.w.org\/{rel}","templated":true}]}}