{"id":507923,"date":"2021-05-24T00:04:24","date_gmt":"2021-05-24T05:04:24","guid":{"rendered":"https:\/\/www.diarioimagen.net\/?p=507923"},"modified":"2021-05-24T04:14:18","modified_gmt":"2021-05-24T09:14:18","slug":"violencia-impunidad-y-politica","status":"publish","type":"post","link":"https:\/\/www.diarioimagen.net\/?p=507923","title":{"rendered":"Violencia, impunidad y pol\u00edtica"},"content":{"rendered":"<h2>Punto por punto<\/h2>\n<h5>Augusto Corro<\/h5>\n<p>&nbsp;<\/p>\n<p>La delincuencia organizada y los caciques han desarrollado una participaci\u00f3n muy activa en la campa\u00f1a electoral intermedia.<\/p>\n<p>Sus acciones privaron de la vida a m\u00e1s de una treintena de pol\u00edticos, incluidas las relacionadas con secuestros y amenazas.<\/p>\n<p>De los agresores poco se sabe, La impunidad que priva en M\u00e9xico tambi\u00e9n se reflej\u00f3 en los atentados.<\/p>\n<p>S\u00f3lo en contados casos las autoridades lograron detener a los presuntos responsables. Los dem\u00e1s asesinos no ser\u00e1n llevados a los tribunales.<\/p>\n<p>La ola de violencia que azota a M\u00e9xico propici\u00f3 que la delincuencia organizada decidiera actuar sin temor al castigo. Es poderosa en una tierra sin ley.<\/p>\n<p>La mayor\u00eda de la criminalidad se registr\u00f3 en algunos lugares del territorio nacional, donde los c\u00e1rteles de la droga y los caciques se ostentan como los amos y se\u00f1ores.<\/p>\n<p>Y los candidatos que no aceptan las \u00f3rdenes de los <em>narcos<\/em> o no cumplieron con sus promesas corren el riesgo de ser agredidos.<\/p>\n<p>En el rengl\u00f3n de la pol\u00edtica, la lucha por el poder tambi\u00e9n registra sus v\u00edctimas.\u00a0 De ah\u00ed que la asociaci\u00f3n de delincuentes con pol\u00edticos ofrezca una f\u00f3rmula letal: decenas de pol\u00edticos asesinados.<\/p>\n<p>As\u00ed como la presencia de narcos en diferentes estados, con la intenci\u00f3n de influir en el proceso electoral.<\/p>\n<p>Cabe se\u00f1alar que en la contienda electoral presente est\u00e1n en juego 21 mil 368 cargos p\u00fablicos, entre ellos 15 gubernaturas.<\/p>\n<p>Tambi\u00e9n ser\u00e1n electos 500 legisladores y presidentes municipales.<\/p>\n<p style=\"text-align: center;\"><strong>Delincuencia organizada en los estados<\/strong><\/p>\n<p>En M\u00e9xico la delincuencia organizada se fortalece cada d\u00eda. No funcion\u00f3 la estrategia de las autoridades para combatirla.<\/p>\n<p>En nuestro pa\u00eds se vive una permanente espiral de violencia, en la que tienen una participaci\u00f3n importante los grupos criminales.<\/p>\n<p>Hay entidades que son se\u00f1aladas por que en ellas se encuentran grupos delincuenciales importantes. Nos referimos a Michoac\u00e1n, Sonora, Guanajuato, Guerrero, etc.<\/p>\n<p>Y precisamente en Michoac\u00e1n surgi\u00f3 una de las \u00faltimas informaciones sobre la intromisi\u00f3n de la delincuencia en el proceso electoral estatal.<\/p>\n<p>Dirigentes de partidos pol\u00edticos denunciaron que la jornada electoral podr\u00eda estar comprometida en al menos 12 de los 113 municipios.<\/p>\n<p>Lo anterior obedecer\u00eda a la presencia de grupos criminales y comunidades que se niegan al proceso democr\u00e1tico.<\/p>\n<p>Los c\u00e1rteles, en su mayor\u00eda de la regi\u00f3n Tierra Caliente, no permitieron la realizaci\u00f3n de campa\u00f1as pol\u00edticas en sus territorios.<\/p>\n<p>En Sonora, la presencia de la delincuencia organizada se comprob\u00f3 con el asesinato de Abel Murrieta Guti\u00e9rrez, candidato a la presidencia municipal por el partido Movimiento Ciudadano (MC).<\/p>\n<p>En la mencionada entidad se desat\u00f3 una lucha entre los narcos por el trasiego de drogas.<\/p>\n<p>En Guerrero, tambi\u00e9n est\u00e1n presentes los grupos criminales que se dedican a la producci\u00f3n y exportaci\u00f3n del opio.<\/p>\n<p>En Guerrero se registr\u00f3 en 2014 el secuestro y desaparici\u00f3n de los 43 estudiantes de Ayotzinapa, en el que participaron narcos y autoridades municipales y federales.<\/p>\n<p>En Guanajuato, los grupos delictivos contin\u00faan con la violencia que se volvi\u00f3 incontrolable.<\/p>\n<p><strong>Lesionan a periodista <\/strong><\/p>\n<p>El viernes en la madrugada fue lesionado a pu\u00f1aladas Luis Ra\u00fal Aguilera P\u00e9rez, reportero de la p\u00e1gina de noticias <em>P\u00e9njamo.Biz 2.0.<\/em><\/p>\n<p>El hecho ocurri\u00f3 en la madrugada del viernes cuando el comunicador estaba por entrar a su casa, en la comunidad Estaci\u00f3n P\u00e9njamo, ubicada en municipio del mismo nombre, en el sur de Guanajuato.<\/p>\n<p>Aguilera P\u00e9rez fue intervenido quir\u00fargicamente y es reportado como \u201cdelicado\u201d; pero estable.<\/p>\n<p>En d\u00edas antes de la agresi\u00f3n, el periodista manifest\u00f3 que responsabilizaba de cualquier ataque a su integridad f\u00edsica al candidato del Partido Verde a la alcald\u00eda de P\u00e9njamo, Alejandro Flores Raz.<\/p>\n<p>El reportero public\u00f3 en fecha reciente una denuncia en contra del citado aspirante verde por despojo de tierras.<\/p>\n<p>Como se ve, la violencia electoral est\u00e1 presente en todo el pa\u00eds. Es larga la lista de las v\u00edctimas de los agresores que se burlan de la ley.<\/p>\n<p>\u00bfUsted qu\u00e9 opina amable lector?<\/p>\n<p><a href=\"mailto:aco2742@hotmail.com\" target=\"_blank\" rel=\"noopener noreferrer\"><em>aco2742@hotmail.com<\/em><\/a><\/p>\n","protected":false},"excerpt":{"rendered":"<p><span style=\"color: #005497;\"><strong>Augusto Corro<\/strong><\/span><\/p>\n","protected":false},"author":3,"featured_media":0,"comment_status":"open","ping_status":"open","sticky":false,"template":"","format":"standard","meta":{"_monsterinsights_skip_tracking":false,"_monsterinsights_sitenote_active":false,"_monsterinsights_sitenote_note":"","_monsterinsights_sitenote_category":0,"footnotes":""},"categories":[157],"tags":[43686,43674,11515],"class_list":["post-507923","post","type-post","status-publish","format-standard","hentry","category-augusto-corro","tag-augusto-corro","tag-opinion","tag-punto-por-punto"],"_links":{"self":[{"href":"https:\/\/www.diarioimagen.net\/index.php?rest_route=\/wp\/v2\/posts\/507923","targetHints":{"allow":["GET"]}}],"collection":[{"href":"https:\/\/www.diarioimagen.net\/index.php?rest_route=\/wp\/v2\/posts"}],"about":[{"href":"https:\/\/www.diarioimagen.net\/index.php?rest_route=\/wp\/v2\/types\/post"}],"author":[{"embeddable":true,"href":"https:\/\/www.diarioimagen.net\/index.php?rest_route=\/wp\/v2\/users\/3"}],"replies":[{"embeddable":true,"href":"https:\/\/www.diarioimagen.net\/index.php?rest_route=%2Fwp%2Fv2%2Fcomments&post=507923"}],"version-history":[{"count":0,"href":"https:\/\/www.diarioimagen.net\/index.php?rest_route=\/wp\/v2\/posts\/507923\/revisions"}],"wp:attachment":[{"href":"https:\/\/www.diarioimagen.net\/index.php?rest_route=%2Fwp%2Fv2%2Fmedia&parent=507923"}],"wp:term":[{"taxonomy":"category","embeddable":true,"href":"https:\/\/www.diarioimagen.net\/index.php?rest_route=%2Fwp%2Fv2%2Fcategories&post=507923"},{"taxonomy":"post_tag","embeddable":true,"href":"https:\/\/www.diarioimagen.net\/index.php?rest_route=%2Fwp%2Fv2%2Ftags&post=507923"}],"curies":[{"name":"wp","href":"https:\/\/api.w.org\/{rel}","templated":true}]}}