{"id":507927,"date":"2021-05-24T00:03:31","date_gmt":"2021-05-24T05:03:31","guid":{"rendered":"https:\/\/www.diarioimagen.net\/?p=507927"},"modified":"2021-05-24T04:17:37","modified_gmt":"2021-05-24T09:17:37","slug":"edomex-primitivismo-publicitario-partidista","status":"publish","type":"post","link":"https:\/\/www.diarioimagen.net\/?p=507927","title":{"rendered":"Edomex, primitivismo publicitario partidista"},"content":{"rendered":"<h2>Espacio Electoral<\/h2>\n<h5>Eleazar Flores<\/h5>\n<p>&nbsp;<\/p>\n<p><strong>\u201cTE LO DIGO JUAN\u201d-<\/strong>. Dando por descontada la lealtad y disciplina mliciana y marina del pa\u00eds hacia el Presidente en turno, la queja del almirante Jos\u00e9 Rafael Ojeda Dur\u00e1n contra jueces, desde el p\u00falpito ma\u00f1anero, fue una instrucci\u00f3n superior, pues es dif\u00edcil creer que el funcionario se haya ido por la libre.<\/p>\n<p>Siendo as\u00ed, extra\u00f1a a\u00fan m\u00e1s la segunda visita del Presidente de la Suprema Corte de Justicia de la Naci\u00f3n, Arturo Zald\u00edvar, al padre de la Cuarta Transformaci\u00f3n la semana pasada, \u00bfle anticipar\u00edan el futuro rega\u00f1o?.<\/p>\n<p>Sin embargo, Zald\u00edvar respondi\u00f3 por redes al secretario de la Marina que en la impartici\u00f3n de justicia, ministros y jueces no tiene ni amigos ni enemigos, s\u00f3lo aplican la ley con apego a los derechos humanos y en igual tenor firma un manifiesto la asociaci\u00f3n nacional de jueces, etc.<\/p>\n<p><strong>\u201cTUC\u201d?-.<\/strong> A dos semanas de las elecciones m\u00e1s grandes pregonan dirigentes y candidatos de todos los partidos participantes, pareciera que desde la c\u00faspide del poder se ha integrado el organismo TODOS UNIDOS CONTRA INE, JUECES y lo que resulte, sobre todo donde Morena pierda, pues apueste y ganar\u00e1, que ser\u00e1 en muchos estados, distritos y municipios.<\/p>\n<p>Prueba de ello es la queja del dirigente nacional \u201cmoreno\u201d, Mario Delgado, que adelant\u00f3 que el INE trabaja unido al PRIAN para debilitar a su partido.<\/p>\n<p>MUESTRA-. Podr\u00eda o no ser cierta la versi\u00f3n, pero lo que s\u00ed es verdad es lo vivido en Santa Mar\u00eda del Monte, municipio de Zinacantepec, M\u00e9xico, donde activistas de Morena andan pidiendo credenciales de elector a los vecinos, a cambio de dinero y la promesa de regres\u00e1rselas el lunes 7 de junio.<\/p>\n<p>Esto no me lo platicaron, lo viv\u00ed al ser confundido como un parroquiano local y surge la interrogante \u00bfen cu\u00e1ntas partes del pa\u00eds no sucede lo mismo?.<\/p>\n<p><strong>PRIMITIVISMO PARTIDISTA-.<\/strong> Participante en varias campa\u00f1as pol\u00edticas, como borracho y \u201ccantinero\u201d, desde finales de los sesenta a la fecha, la propaganda pol\u00edtica ha venido evolucionando. Antes, predominaba la priista y la panista empezaba con muchos esfuerzos, viniendo a sumarse el PPS y de los 90 a la fecha, PRD hoy Morena, en su mayor\u00eda.<\/p>\n<p>Pero en suelo mexiquense los genios estrategas de la publicidad partidista se quedaron en esos tiempos en el mejor de los casos, recurriendo en ocasiones al sobado recurso de la agresi\u00f3n, cuando el candidato va abajo.<\/p>\n<p>Este es el caso de Gabriela Gamboa, de Metepec, cuyos simpatizantes agredieron a huestes del PRIAN y voltearon las cosas, con el anhelo de subir en las encuestas, que podr\u00eda ser pues los de enfrente andan solos y ni las planillas dan a conocer. \u00bfLo permite el IEEEM?.<\/p>\n<p>\u00bfEmplear\u00eda el mismo recurso la candidata vallesana?<\/p>\n<p><em><a href=\"mailto:elefa44@gmail.com\" target=\"_blank\" rel=\"noopener noreferrer\">elefa44@gmail.com<\/a><\/em><\/p>\n","protected":false},"excerpt":{"rendered":"<p><span style=\"color: #005497;\"><strong>Eleazar Flores<\/strong><\/span><\/p>\n","protected":false},"author":3,"featured_media":0,"comment_status":"open","ping_status":"open","sticky":false,"template":"","format":"standard","meta":{"_monsterinsights_skip_tracking":false,"_monsterinsights_sitenote_active":false,"_monsterinsights_sitenote_note":"","_monsterinsights_sitenote_category":0,"footnotes":""},"categories":[81743],"tags":[81744,81776,43674],"class_list":["post-507927","post","type-post","status-publish","format-standard","hentry","category-eleazar-flores","tag-eleazar-flores","tag-espacio-electoral","tag-opinion"],"_links":{"self":[{"href":"https:\/\/www.diarioimagen.net\/index.php?rest_route=\/wp\/v2\/posts\/507927","targetHints":{"allow":["GET"]}}],"collection":[{"href":"https:\/\/www.diarioimagen.net\/index.php?rest_route=\/wp\/v2\/posts"}],"about":[{"href":"https:\/\/www.diarioimagen.net\/index.php?rest_route=\/wp\/v2\/types\/post"}],"author":[{"embeddable":true,"href":"https:\/\/www.diarioimagen.net\/index.php?rest_route=\/wp\/v2\/users\/3"}],"replies":[{"embeddable":true,"href":"https:\/\/www.diarioimagen.net\/index.php?rest_route=%2Fwp%2Fv2%2Fcomments&post=507927"}],"version-history":[{"count":0,"href":"https:\/\/www.diarioimagen.net\/index.php?rest_route=\/wp\/v2\/posts\/507927\/revisions"}],"wp:attachment":[{"href":"https:\/\/www.diarioimagen.net\/index.php?rest_route=%2Fwp%2Fv2%2Fmedia&parent=507927"}],"wp:term":[{"taxonomy":"category","embeddable":true,"href":"https:\/\/www.diarioimagen.net\/index.php?rest_route=%2Fwp%2Fv2%2Fcategories&post=507927"},{"taxonomy":"post_tag","embeddable":true,"href":"https:\/\/www.diarioimagen.net\/index.php?rest_route=%2Fwp%2Fv2%2Ftags&post=507927"}],"curies":[{"name":"wp","href":"https:\/\/api.w.org\/{rel}","templated":true}]}}