{"id":507940,"date":"2021-05-24T00:11:12","date_gmt":"2021-05-24T05:11:12","guid":{"rendered":"https:\/\/www.diarioimagen.net\/?p=507940"},"modified":"2021-05-24T04:32:00","modified_gmt":"2021-05-24T09:32:00","slug":"monreal-insiste-la-orden-de-aprehension-existe-garcia-cabeza-de-vaca-ya-no-es-gobernador-y-puede-ser-detenido-en-cualquier-momento","status":"publish","type":"post","link":"https:\/\/www.diarioimagen.net\/?p=507940","title":{"rendered":"Monreal insiste: la orden de aprehensi\u00f3n existe; Garc\u00eda Cabeza de Vaca ya no es gobernador y puede ser detenido en cualquier momento\u00a0"},"content":{"rendered":"<h2>Tras la puerta del poder<\/h2>\n<h5>Roberto Vizca\u00edno<\/h5>\n<p>&nbsp;<\/p>\n<p>Luego de recibir una fuerte oleada de cr\u00edticas durante el fin de semana por haber dado a conocer que el gobernador de Tamaulipas ser\u00eda detenido junto con buena parte de su familia, <strong>Ricardo Monreal<\/strong> insisti\u00f3:<\/p>\n<p>\u201cLa orden de aprehensi\u00f3n existe y <strong>Francisco Javier Cabeza de Vaca <\/strong>ser\u00e1 detenido y presentado ante un juez para que responda por los delitos de delincuencia organizada y por operaciones con recursos de procedencia il\u00edcita\u201d.<\/p>\n<p>No es juego medi\u00e1tico, argucia de distracci\u00f3n ni estrategia electorera, menos un acto de imposici\u00f3n del presidente <strong>Andr\u00e9s Manuel L\u00f3pez Obrador<\/strong> ni de ninguna instancia gubernamental, afirm\u00f3.<\/p>\n<p>\u201c&#8230; si no hubiera orden de aprehensi\u00f3n, \u00bfpor qu\u00e9 <strong>se emitir\u00eda entonces la orden de restricci\u00f3n migratoria o la alerta roja<\/strong> solicitada por la Fiscal\u00eda a la canciller\u00eda mexicana para la detenci\u00f3n del exgobernador en cualquier parte del mundo?\u201d, interrog\u00f3.<\/p>\n<p>La \u00fanica realidad, subray\u00f3, es que <strong>Garc\u00eda Cabeza de Vaca<\/strong> ya <strong>no tiene fuero desde el<\/strong> pasado <strong>30 de abril&#8230; \u201c<\/strong><\/p>\n<p>Y que su desafuero dictado por la C\u00e1mara de Diputados, \u201ces una resoluci\u00f3n inatacable\u201d que no puede ser modificada ni revocada por ning\u00fan poder, ni siquiera por la Suprema Corte.<\/p>\n<p>Por ello, dijo, <strong>urge resolver su salida a trav\u00e9s de un acuerdo institucional&#8230;<\/strong><\/p>\n<p>\u201cHay dos alternativas: <strong>un arreglo pol\u00edtico amplio<\/strong> entre todos los grupos parlamentarios&#8230; me atrevo a decir que el partido que gobierna (PAN) <strong>proponga al gobernador provisional<\/strong>, para que no <strong>se polarice m\u00e1s<\/strong>&#8230; la otra es que pida licencia y se entregue\u201d.<\/p>\n<p>Busquemos soluciones consensuadas y actuar con objetividad, pidi\u00f3<\/p>\n<p>E insisti\u00f3: el Senado puede dictar la desaparici\u00f3n de poderes y nombrar a un gobernador provisional.<\/p>\n<p>\u201cHay una ruptura constitucional, hay una crisis institucional y el Senado es la autoridad responsable de velar por el Pacto Federal\u201d. Y hoy, agreg\u00f3, \u201cTamaulipas no tiene direcci\u00f3n, no tiene gobernador y puede entrar a una crisis institucional que nosotros tendremos que solucionar\u201d, se\u00f1al\u00f3.<\/p>\n<p>Constitucionalista al fin, <strong>Monreal <\/strong>advirti\u00f3 que el Art\u00edculo 76 Constitucional y su ley reglamentaria indican que la Comisi\u00f3n Permanente tendr\u00eda que convocar a un periodo extraordinario en el Senado para iniciar el procedimiento de la desaparici\u00f3n de poderes.<\/p>\n<p>Reconoci\u00f3 que su fracci\u00f3n, a pesar de ser la mayoritaria en el Senado, <strong>no cuenta con la mayor\u00eda calificada<\/strong> que se requiere para todo lo anterior, pero indic\u00f3 eso no es un obst\u00e1culo insalvable por lo que recomend\u00f3 que Garc\u00eda Cabeza de Vaca <strong>solicite licencia<\/strong> y enfrente ya el proceso en su contra, y \u201cno da\u00f1e al pueblo de Tamaulipas\u201d. M\u00e1s claro ni el manantial de evidencias que est\u00e1 sobre la mesa de la pol\u00edtica nacional&#8230;<\/p>\n<p style=\"text-align: center;\"><strong>Blanco de ataques digitales<\/strong><\/p>\n<p>Hacia las 6 de la tarde el zacatecano emit\u00eda la siguiente alerta:<\/p>\n<p>\u201cHoy hackearon mi cuenta de Twitter, por lo que se\u00f1alo esto: no respondo a ning\u00fan adversario ni lo ofendo. <strong>La ubicaci\u00f3n de quien accedi\u00f3 a mi cuenta est\u00e1 en la alcald\u00eda Benito Ju\u00e1rez<\/strong> (alcald\u00eda gobernada por el PAN)&#8230; y yo me encuentro en estos momentos en Guadalajara. \u00a1Tengamos cuidado!\u201d.<\/p>\n<p style=\"text-align: center;\"><strong>Otro bajo asedio y amenaza de anulaci\u00f3n de su triunfo<\/strong><\/p>\n<p>Tiempo infame, de golpeteos y descalificaciones, al fin tiempo de elecciones, en Baja California conforme la campa\u00f1a de <strong>Jorge Hank <\/strong>cobra fuerza y suma preferencias electorales, se cierra sobre \u00e9l el asedio y la campa\u00f1a de descredito y acusaciones sin fundamento que comienza a revelar un posible intento de anulaci\u00f3n del proceso electoral ante su muy perfilado triunfo.<\/p>\n<p>En una abierta elecci\u00f3n de Estado, por parte del gobernador saliente, <strong>Jaime Bonilla, y Morena<\/strong> en favor de la candidata del oficialismo, <strong>Mariana del Pilar \u00c1vila<\/strong> a trav\u00e9s de la inundaci\u00f3n de espectaculares por toda la entidad, y de spots en radio y televisi\u00f3n, Morena intenta frenar al avance del exalcalde pri\u00edsta de Tijuana, hoy candidato del PES a la gubernatura de BC.<\/p>\n<p>Fue evidente que en este juego de la descalificaci\u00f3n, <strong>Morena<\/strong> intent\u00f3 en d\u00edas pasados alejar con golpes bajos la posibilidad de que la candidata del PRI, PAN y PRD, la exreina de belleza <strong>Lupita Jones<\/strong> fuese a una alianza con <strong>Hank <\/strong>como ocurri\u00f3 en Sonora con la declinaci\u00f3n de <strong>Bours <\/strong>en favor del <strong><em>Borrego<\/em><\/strong> <strong>G\u00e1ndara<\/strong> contra <strong>Alfonso Durazo<\/strong>.<\/p>\n<p><em><a href=\"mailto:rvizcainoa@gmail.com\" target=\"_blank\" rel=\"noopener noreferrer\">rvizcainoa@gmail.com<\/a><br \/>\n<u><a href=\"http:\/\/endirecto.mx\" target=\"_blank\" rel=\"noopener noreferrer\">www.endirecto.mx<\/a><br \/>\n<a href=\"https:\/\/twitter.com\/_rvizcaino\" target=\"_blank\" rel=\"noopener noreferrer\">@_RVizcaino<\/a><br \/>\n<a href=\"https:\/\/www.facebook.com\/rvizcainoa\" target=\"_blank\" rel=\"noopener noreferrer\">facebook.com\/rvizcainoa<\/a><\/u><\/em><\/p>\n","protected":false},"excerpt":{"rendered":"<p><span style=\"color: #005497;\"><strong>Roberto Vizca\u00edno<\/strong><\/span><br \/>\n<br \/>\nLuego de recibir una fuerte oleada de cr\u00edticas durante el fin de semana por haber dado a conocer que el gobernador de Tamaulipas ser\u00eda detenido junto con buena parte de su familia, <strong>Ricardo Monreal<\/strong> insisti\u00f3:<\/p>\n","protected":false},"author":3,"featured_media":0,"comment_status":"open","ping_status":"open","sticky":false,"template":"","format":"standard","meta":{"_monsterinsights_skip_tracking":false,"_monsterinsights_sitenote_active":false,"_monsterinsights_sitenote_note":"","_monsterinsights_sitenote_category":0,"footnotes":""},"categories":[136],"tags":[43674,93,94],"class_list":["post-507940","post","type-post","status-publish","format-standard","hentry","category-roberto-vizcaino-opinion","tag-opinion","tag-roberto-vizcaino","tag-tras-la-puerta-del-poder"],"_links":{"self":[{"href":"https:\/\/www.diarioimagen.net\/index.php?rest_route=\/wp\/v2\/posts\/507940","targetHints":{"allow":["GET"]}}],"collection":[{"href":"https:\/\/www.diarioimagen.net\/index.php?rest_route=\/wp\/v2\/posts"}],"about":[{"href":"https:\/\/www.diarioimagen.net\/index.php?rest_route=\/wp\/v2\/types\/post"}],"author":[{"embeddable":true,"href":"https:\/\/www.diarioimagen.net\/index.php?rest_route=\/wp\/v2\/users\/3"}],"replies":[{"embeddable":true,"href":"https:\/\/www.diarioimagen.net\/index.php?rest_route=%2Fwp%2Fv2%2Fcomments&post=507940"}],"version-history":[{"count":0,"href":"https:\/\/www.diarioimagen.net\/index.php?rest_route=\/wp\/v2\/posts\/507940\/revisions"}],"wp:attachment":[{"href":"https:\/\/www.diarioimagen.net\/index.php?rest_route=%2Fwp%2Fv2%2Fmedia&parent=507940"}],"wp:term":[{"taxonomy":"category","embeddable":true,"href":"https:\/\/www.diarioimagen.net\/index.php?rest_route=%2Fwp%2Fv2%2Fcategories&post=507940"},{"taxonomy":"post_tag","embeddable":true,"href":"https:\/\/www.diarioimagen.net\/index.php?rest_route=%2Fwp%2Fv2%2Ftags&post=507940"}],"curies":[{"name":"wp","href":"https:\/\/api.w.org\/{rel}","templated":true}]}}