{"id":508028,"date":"2021-05-25T00:33:18","date_gmt":"2021-05-25T05:33:18","guid":{"rendered":"https:\/\/www.diarioimagen.net\/?p=508028"},"modified":"2021-05-26T07:05:21","modified_gmt":"2021-05-26T12:05:21","slug":"suman-22-mil-603-menores-contagiados-de-covid-19-en-cdmx","status":"publish","type":"post","link":"https:\/\/www.diarioimagen.net\/?p=508028","title":{"rendered":"Suman 22 mil 603 menores contagiados de Covid-19 en CDMX"},"content":{"rendered":"<p>&nbsp;<\/p>\n<h3 style=\"text-align: center;\">Desde el inicio de la pandemia<\/h3>\n<p>&nbsp;<\/p>\n<div id=\"attachment_508117\" style=\"width: 470px\" class=\"wp-caption aligncenter\"><a href=\"https:\/\/www.diarioimagen.net\/?attachment_id=508117\" rel=\"attachment wp-att-508117\"><img loading=\"lazy\" decoding=\"async\" aria-describedby=\"caption-attachment-508117\" class=\"size-full wp-image-508117\" src=\"https:\/\/www.diarioimagen.net\/wp-content\/uploads\/2021\/05\/menores.jpg\" alt=\"\" width=\"460\" height=\"270\" \/><\/a><p id=\"caption-attachment-508117\" class=\"wp-caption-text\">La CDMX suma m\u00e1s de 22 mil 603 contagios por Covid-19 entre menores de edad, de acuerdo a informaci\u00f3n del portal de Datos Abiertos, del gobierno capitalino.<\/p><\/div>\n<p>&nbsp;<\/p>\n<p>Desde el inicio de la emergencia sanitaria, la Ciudad de M\u00e9xico suma m\u00e1s de 653 mil casos positivos de Covid-19, de los cuales 3.4%, unos, 22 mil 603 son contagios entre menores de edad, de acuerdo a informaci\u00f3n del portal de Datos Abiertos, del gobierno capitalino, con informaci\u00f3n del Sistema Nacional de Vigilancia Epidemiol\u00f3gica.<\/p>\n<p>Del total de los 22 mil 603 casos de menores de edad, de cero a seis a\u00f1os se han reportado 2 mil 696 contagios; de siete a 13 a\u00f1os, 8 mil 753; y de 14 a 17 a\u00f1os, 11 mil 154.<\/p>\n<p>Se reporta que hasta el 22 de mayo, ni\u00f1os y ni\u00f1as de cero a los 17 a\u00f1os han enfermado de coronavirus, algunos asintom\u00e1ticos, pero la gran mayor\u00eda con s\u00edntomas como dolor de cabeza, fiebre y tos, entre otros.<\/p>\n<p>Los hombres y mujeres de 16 y 17 a\u00f1os han sido de los m\u00e1s afectados por el virus, con 3 mil 195 y 2 mil 983 contagios, respectivamente; le siguen los ni\u00f1os de 12 y 13 a\u00f1os, con mil 375 y mil 667; as\u00ed como los de seis y siete a\u00f1os, con 511 y 570 casos, respectivamente<\/p>\n<p>Cabe mencionar que se han registrado 315 casos de coronavirus entre ni\u00f1os y ni\u00f1as de cero a\u00f1os, es decir, con meses de nacidos, y los casos van en aumento a partir de los cuatro a\u00f1os, con 372 contagiados.<\/p>\n<p style=\"text-align: center;\"><strong>Cifras a nivel nacional<\/strong><\/p>\n<p>Por su parte, la Secretar\u00eda de Salud del gobierno federal inform\u00f3 a finales de abril de este a\u00f1o que se han registrado, en el pa\u00eds, 600 muertes de menores de edad a causa del Covid-19, por lo que se han convertido en un sector de la poblaci\u00f3n con menos afectaci\u00f3n por mortalidad a causa de esta enfermedad.<\/p>\n<p>Hugo L\u00f3pez-Gatell, subsecretario de Prevenci\u00f3n y Promoci\u00f3n de la Salud, aclar\u00f3 que no es necesario que las y los ni\u00f1os est\u00e9n vacunados contra Covid-19 para regresar a clases presenciales, tal como lo han comenzado a hacer en diversos estados del pa\u00eds.<\/p>\n<p>El funcionario federal explic\u00f3 que la comunidad cient\u00edfica del mundo todav\u00eda se encuentra analizando la eficacia y seguridad del ant\u00edgeno en menores de edad, por lo que se est\u00e1 a la espera de dichos resultados.<\/p>\n<p>Cabe mencionar que en la Ciudad de M\u00e9xico los estudiantes podr\u00e1n regresar el 7 de junio a clases presenciales, pero de forma voluntaria, por lo que las autoridades se encuentran realizando limpieza en cada instituci\u00f3n de educaci\u00f3n b\u00e1sica.<\/p>\n","protected":false},"excerpt":{"rendered":"<p>Desde el inicio de la emergencia sanitaria, la Ciudad de M\u00e9xico suma m\u00e1s de 653 mil casos positivos de Covid-19, de los cuales 3.4%, unos, 22 mil 603 son contagios entre menores de edad, de acuerdo a informaci\u00f3n del portal de Datos Abiertos, del gobierno capitalino, con informaci\u00f3n del Sistema Nacional de Vigilancia Epidemiol\u00f3gica.<\/p>\n","protected":false},"author":3,"featured_media":508117,"comment_status":"open","ping_status":"open","sticky":false,"template":"","format":"standard","meta":{"_monsterinsights_skip_tracking":false,"_monsterinsights_sitenote_active":false,"_monsterinsights_sitenote_note":"","_monsterinsights_sitenote_category":0,"footnotes":""},"categories":[6],"tags":[34444,90021,90719,8203,29516,432],"class_list":["post-508028","post","type-post","status-publish","format-standard","has-post-thumbnail","hentry","category-cd-de-mexico","tag-cdmx","tag-covid-19","tag-infectados","tag-menores","tag-pandemia","tag-secretaria-de-salud"],"_links":{"self":[{"href":"https:\/\/www.diarioimagen.net\/index.php?rest_route=\/wp\/v2\/posts\/508028","targetHints":{"allow":["GET"]}}],"collection":[{"href":"https:\/\/www.diarioimagen.net\/index.php?rest_route=\/wp\/v2\/posts"}],"about":[{"href":"https:\/\/www.diarioimagen.net\/index.php?rest_route=\/wp\/v2\/types\/post"}],"author":[{"embeddable":true,"href":"https:\/\/www.diarioimagen.net\/index.php?rest_route=\/wp\/v2\/users\/3"}],"replies":[{"embeddable":true,"href":"https:\/\/www.diarioimagen.net\/index.php?rest_route=%2Fwp%2Fv2%2Fcomments&post=508028"}],"version-history":[{"count":0,"href":"https:\/\/www.diarioimagen.net\/index.php?rest_route=\/wp\/v2\/posts\/508028\/revisions"}],"wp:featuredmedia":[{"embeddable":true,"href":"https:\/\/www.diarioimagen.net\/index.php?rest_route=\/wp\/v2\/media\/508117"}],"wp:attachment":[{"href":"https:\/\/www.diarioimagen.net\/index.php?rest_route=%2Fwp%2Fv2%2Fmedia&parent=508028"}],"wp:term":[{"taxonomy":"category","embeddable":true,"href":"https:\/\/www.diarioimagen.net\/index.php?rest_route=%2Fwp%2Fv2%2Fcategories&post=508028"},{"taxonomy":"post_tag","embeddable":true,"href":"https:\/\/www.diarioimagen.net\/index.php?rest_route=%2Fwp%2Fv2%2Ftags&post=508028"}],"curies":[{"name":"wp","href":"https:\/\/api.w.org\/{rel}","templated":true}]}}