{"id":508094,"date":"2021-05-25T00:03:45","date_gmt":"2021-05-25T05:03:45","guid":{"rendered":"https:\/\/www.diarioimagen.net\/?p=508094"},"modified":"2021-05-25T09:20:16","modified_gmt":"2021-05-25T14:20:16","slug":"impactante-caravana-de-automovilistas-en-naucalpan-a-favor-de-david-parra-sanchez","status":"publish","type":"post","link":"https:\/\/www.diarioimagen.net\/?p=508094","title":{"rendered":"Impactante caravana de automovilistas en Naucalpan a favor de David Parra S\u00e1nchez"},"content":{"rendered":"<p>&nbsp;<\/p>\n<ul>\n<li><strong><em>Convoca a la ciudadan\u00eda a reflexionar su voto<\/em><\/strong><\/li>\n<\/ul>\n<p>&nbsp;<\/p>\n<div id=\"attachment_508161\" style=\"width: 470px\" class=\"wp-caption aligncenter\"><a href=\"https:\/\/www.diarioimagen.net\/?attachment_id=508161\" rel=\"attachment wp-att-508161\"><img loading=\"lazy\" decoding=\"async\" aria-describedby=\"caption-attachment-508161\" class=\"size-full wp-image-508161\" src=\"https:\/\/www.diarioimagen.net\/wp-content\/uploads\/2021\/05\/naucalpan-10.jpg\" alt=\"\" width=\"460\" height=\"270\" \/><\/a><p id=\"caption-attachment-508161\" class=\"wp-caption-text\">Despu\u00e9s de concluida la caravana de automovilistas, David Parra convoc\u00f3 a la ciudadan\u00eda a reflexionar su voto\u00a0el pr\u00f3ximo domingo\u00a06 de junio y avanzar\u00a0a la recuperaci\u00f3n\u00a0del Congreso mexiquense.<\/p><\/div>\n<p>&nbsp;<\/p>\n<p><strong>Naucalpan, Estado de M\u00e9xico<\/strong>.- David Parra S\u00e1nchez encabez\u00f3 extraordinaria caravana de automovilistas que partieron de Avenida de los Arcos en San Juan Totoltepec, a la plazuela de los Arcos de los Remedios.<\/p>\n<p>Asimismo, otro contingente de unidades sali\u00f3 de Avenida Tarahumaras, en el pueblo de Santa Cruz Acatl\u00e1n, la cual dirigi\u00f3 Maribel Mart\u00ednez, candidata a diputada federal por el Distrito 22 de Naucalpan.\u00a0 Durante el trayecto en el que se fueron incorporando veh\u00edculos, sobre las Avenidas Ju\u00e1rez, Ramos Mill\u00e1n y Universidad hasta el punto de reuni\u00f3n, recibieron el apoyo de la gente.<\/p>\n<p>De igual manera, de conductores quienes a su paso hac\u00edan sonar el claxon de su automotor, como muestra adem\u00e1s de respaldo a ambas candidaturas.<\/p>\n<p>Una unidad al frente, con los logos de David Parra, banderolas que ondeaban ch\u00f3feres y acompa\u00f1antes, fue la gu\u00eda de tan importante caravana, que llam\u00f3 la atenci\u00f3n de Naucalpenses.<\/p>\n<p>Alrededor de 15 a 20 minutos fue el tiempo de desplazamiento que congreg\u00f3 a m\u00e1s de 300 veh\u00edculo y cerca de un millar de personas, quienes reiteraron su respaldo al activista social y pol\u00edtico de Naucalpan.<\/p>\n<p>As\u00ed tambi\u00e9n, al postulante de la Coalici\u00f3n \u201cVa por el estado de M\u00e9xico\u201d, al distrito local N0.032 que integra a los partido pol\u00edticos (PRI, PAN, PRD).<\/p>\n<p>Parra en el acto despu\u00e9s de concluida la caravana, convoc\u00f3 a la ciudadan\u00eda a reflexionar su voto el pr\u00f3ximo domingo 6 de junio y avanzar a la recuperaci\u00f3n del Congreso mexiquense.<\/p>\n<p>Dej\u00f3 claro la importancia del sufragio, ante un escenario desolador que presenta el pa\u00eds, en diversas \u00e1reas de oportunidad, como lo es la falta de empleo, seguridad y salud.<\/p>\n<p>Puntualiz\u00f3 el continuar favoreciendo a los grupos vulnerables, a adultos mayores y a personas que subsisten en el abandono, proponiendo leyes desde el congreso del Edomex para su bienestar.<\/p>\n","protected":false},"excerpt":{"rendered":"<p>David Parra S\u00e1nchez encabez\u00f3 extraordinaria caravana de automovilistas que partieron de Avenida de los Arcos en San Juan Totoltepec, a la plazuela de los Arcos de los Remedios.<\/p>\n","protected":false},"author":3,"featured_media":508161,"comment_status":"open","ping_status":"open","sticky":false,"template":"","format":"standard","meta":{"_monsterinsights_skip_tracking":false,"_monsterinsights_sitenote_active":false,"_monsterinsights_sitenote_note":"","_monsterinsights_sitenote_category":0,"footnotes":""},"categories":[5],"tags":[29035,43675,970],"class_list":["post-508094","post","type-post","status-publish","format-standard","has-post-thumbnail","hentry","category-estado-de-mexico","tag-david-parra-sanchez","tag-estado-de-mexico","tag-naucalpan"],"_links":{"self":[{"href":"https:\/\/www.diarioimagen.net\/index.php?rest_route=\/wp\/v2\/posts\/508094","targetHints":{"allow":["GET"]}}],"collection":[{"href":"https:\/\/www.diarioimagen.net\/index.php?rest_route=\/wp\/v2\/posts"}],"about":[{"href":"https:\/\/www.diarioimagen.net\/index.php?rest_route=\/wp\/v2\/types\/post"}],"author":[{"embeddable":true,"href":"https:\/\/www.diarioimagen.net\/index.php?rest_route=\/wp\/v2\/users\/3"}],"replies":[{"embeddable":true,"href":"https:\/\/www.diarioimagen.net\/index.php?rest_route=%2Fwp%2Fv2%2Fcomments&post=508094"}],"version-history":[{"count":0,"href":"https:\/\/www.diarioimagen.net\/index.php?rest_route=\/wp\/v2\/posts\/508094\/revisions"}],"wp:featuredmedia":[{"embeddable":true,"href":"https:\/\/www.diarioimagen.net\/index.php?rest_route=\/wp\/v2\/media\/508161"}],"wp:attachment":[{"href":"https:\/\/www.diarioimagen.net\/index.php?rest_route=%2Fwp%2Fv2%2Fmedia&parent=508094"}],"wp:term":[{"taxonomy":"category","embeddable":true,"href":"https:\/\/www.diarioimagen.net\/index.php?rest_route=%2Fwp%2Fv2%2Fcategories&post=508094"},{"taxonomy":"post_tag","embeddable":true,"href":"https:\/\/www.diarioimagen.net\/index.php?rest_route=%2Fwp%2Fv2%2Ftags&post=508094"}],"curies":[{"name":"wp","href":"https:\/\/api.w.org\/{rel}","templated":true}]}}