{"id":508394,"date":"2021-05-27T00:02:28","date_gmt":"2021-05-27T05:02:28","guid":{"rendered":"https:\/\/www.diarioimagen.net\/?p=508394"},"modified":"2021-05-27T03:25:52","modified_gmt":"2021-05-27T08:25:52","slug":"duro-reves-da-tepjf-a-lopez-obrador","status":"publish","type":"post","link":"https:\/\/www.diarioimagen.net\/?p=508394","title":{"rendered":"Duro rev\u00e9s da TEPJF a L\u00f3pez Obrador"},"content":{"rendered":"<h2>La Retaguardia<\/h2>\n<h5>Adriana Moreno Cordero<\/h5>\n<p>&nbsp;<\/p>\n<ul>\n<li><strong><em>Y el gobierno de Estados Unidos le ve la cara al Presidente<\/em><\/strong><\/li>\n<\/ul>\n<p>&nbsp;<\/p>\n<p>M\u00e1s corajes para el presidente <strong>Andr\u00e9s Manuel L\u00f3pez Obrador<\/strong>, \u00a1qu\u00e9 pena!, porque el Ejecutivo \u2014seg\u00fan su propio decir\u2014, estaba \u201clo que le sigue de contento\u201d, con la compra de la mitad de la refiner\u00eda Deer Park, de Houston, que en la d\u00e9cada de los noventa, -como se ha difundido en diversos medios-, inicialmente adquiri\u00f3 la primera mitad ni m\u00e1s ni menos que el presidente <strong>Carlos Salinas de Gortari<\/strong>, en una acci\u00f3n en la que sin duda, el gobierno de los Estados Unidos le vio la cara al tabasque\u00f1o, por decirlo de una manera suave.<\/p>\n<p>Y si bien, por otra parte, la t\u00f3nica seguida por el inquilino de Palacio Nacional ha sido atacar al Instituto Nacional Electoral, (INE), de seguro, en su gustad\u00edsima conferencia ma\u00f1anera de hoy, se lanzar\u00e1 a la yugular del Tribunal Electoral del Poder Judicial de la Federaci\u00f3n, luego de que determinara que el evento \u201cPrimeros 100 d\u00edas del Tercer A\u00f1o de Gobierno\u201d, encabezado por L\u00f3pez Obrador, desde luego, constituy\u00f3 una propaganda personalizada.<\/p>\n<p>Esto no deber\u00eda de extra\u00f1ar, pues hace varios d\u00edas, el mism\u00edsimo jefe del Ejecutivo, reconoci\u00f3 abiertamente que se entromete en lo electoral; hay que ver c\u00f3mo ha hecho el trabajo sucio a favor de sus candidatos y ejemplo de ello es Nuevo Le\u00f3n, con la guerra que entabl\u00f3 en contra del abanderado pri\u00edsta <strong>Adri\u00e1n de la Garza<\/strong>, en una burda intentona porque su candidata, <strong>Clara Luz Flores<\/strong>, repunte y en momentos en los que no ha dejado de se\u00f1alarse que el candidato de Movimiento Ciudadano, <strong>Samuel Garc\u00eda<\/strong>, con todo y el partido naranja, no es m\u00e1s que una r\u00e9mora m\u00e1s de Morena. \u00bfSer\u00e1?<\/p>\n<p>Porque lo que es digno de llamar la atenci\u00f3n, es que en los \u00faltimos d\u00edas, con los atentados en contra de los abanderados de MC, pareciera que hubiera la intenci\u00f3n de victimizar a ese instituto pol\u00edtico y obtener un triunfo que le permita avanzar como partido. Ah\u00ed est\u00e1n los asesinatos de quien era el abogado de la familia LeBar\u00f3n, candidato a la alcald\u00eda de Cajeme, <strong>Abel Murieta<\/strong> y m\u00e1s recientemente, <strong>Alma Barrag\u00e1n<\/strong>, quien hac\u00eda proselitismo en Morole\u00f3n, Guanajuato, ambos cr\u00edmenes as\u00ed como el resto de los asesinatos, son absolutamente condenables y nos da indicios de que la delincuencia organizada est\u00e1 m\u00e1s que metida en estas elecciones y tienen el objetivo de sembrar el voto del miedo.<\/p>\n<p>En una \u00e9poca de campa\u00f1as caracterizada por la violencia, a los 88 pol\u00edticos asesinados hay que sumar las m\u00e1s de 250 amenazas que han recibido diversos abanderados y abanderadas. Es pertinente recordar que hace tres a\u00f1os, la cifra de pol\u00edticos asesinados fue de 152, sin embargo, hay que considerar que se trataba de elecciones presidenciales. Esto, desde luego, no es una justificaci\u00f3n porque la violencia debe ser condenable e inaceptable en todo momento. Por cierto, actualmente, Veracruz es el estado que ha tenido m\u00e1s pol\u00edticos asesinados, con 18 y el gobernador de ese estado, el consentido de L\u00f3pez Obrador, ni le importa esta situaci\u00f3n ni da una.<\/p>\n<p>De cualquier manera, como en estos comicios la imagen del Presidente no aparecer\u00e1 en las boletas, pues el tabasque\u00f1o debi\u00f3 darse a la tarea de crear nuevas formas de convocar al voto a favor de su partido, Morena, pero al parecer, las cosas no le est\u00e1n saliendo como \u00e9l esperaba, el temor es mucho.<\/p>\n<p>Ahora bien, en cuanto al rev\u00e9s recibido por el inquilino de Palacio Nacional por parte del TEPJF, por unanimidad, \u00e9ste propuso regresar el expediente a la Sala Regional Especializada del propio Tribunal para que a la brevedad, emita una nueva sentencia, deslinde responsabilidades y establezca las consecuencias jur\u00eddicas que sean necesarias.<\/p>\n<p>Tanto se regodea el presidente L\u00f3pez Obrador de ser un ciudadano m\u00e1s en defensa de la democracia; en un \u00e1rbitro superior en estas elecciones, que ahora deber\u00e1 enfrentar las consecuencias de sus errores y dislates.<\/p>\n<p style=\"text-align: center;\"><strong>Municiones<\/strong><\/p>\n<p>*** Representantes de los partidos pol\u00edticos ante el INE rechazaron una serie de lineamientos propuestos por las comisiones de Igualdad de G\u00e9nero y Prerrogativas para asegurar la paridad en la conformaci\u00f3n de la C\u00e1mara de Diputados; esto, mediante nuevas reglas de asignaci\u00f3n de los diputados plurinominales. La propuesta impulsada por las consejeras <strong>Carla Humphrey<\/strong> y <strong>Claudia Zavala,<\/strong> es asegurar el principio constitucional de paridad total en San L\u00e1zaro mediante criterios que prioricen la designaci\u00f3n de diputadas plurinominales mujeres en aquellos partidos en donde haya un mayor n\u00famero de diputados hombres electos por mayor\u00eda relativa.<\/p>\n<p>*** El candidato de Morena a la alcald\u00eda Miguel Hidalgo, <strong>V\u00edctor Hugo Romo de Vivar Guerra<\/strong>, suscribi\u00f3 la agenda de ocho compromisos contra la trata de personas en conjunto con las especialistas en el tema, <strong>Nayeli Guti\u00e9rrez<\/strong>, presidenta de la Asociaci\u00f3n de Municipios de M\u00e9xico, y <strong>Karla de la Cuesta<\/strong>, presidenta de la Asociaci\u00f3n \u201cAlas Abiertas\u201d.\u00a0Romo refrend\u00f3 que realizar\u00e1 acciones para erradicar el delito de trata de personas en sus pr\u00f3ximo trienio de gobierno en Miguel Hidalgo.\u00a0\u201cVuelvo a refrendar ese compromiso, en destinar presupuesto, capacitar a polic\u00edas, a funcionarios, generar procesos de denuncia an\u00f3nima y cerrar los giros negros\u201d, declar\u00f3 el pol\u00edtico morenista.\u00a0En ese sentido, record\u00f3 que como jefe delegacional cerr\u00f3 giros negros, como \u201cEl Cadillac\u201d, en la colonia Anzures, en donde se descubri\u00f3 el delito de trata de personas.\u00a0Por ello, sostuvo que en su pr\u00f3ximo trienio de gobierno 2021-2024 instrumentar\u00e1\u00a0 pol\u00edticas p\u00fablicas para visibilizar el delito de trata, combatirlo y prevenirlo.<\/p>\n<p>*** <strong>Jos\u00e9 Alberto \u201cG\u00fcero\u201d Alonso Guti\u00e9rrez<\/strong>, como es conocido en Acapulco, fue v\u00edctima de un atentado cuando se dirig\u00eda a un evento proselitista y directamente le dispararon a su veh\u00edculo. Afortunadamente, el abanderado de Fuerza Por M\u00e9xico a la alcald\u00eda del puerto, sali\u00f3 ileso. La Fiscal\u00eda estatal confirm\u00f3 que ya estaba. El pr\u00f3ximo lunes est\u00e1 programado el debate entre los aspirantes a la alcald\u00eda acapulque\u00f1a y con este atentado, no est\u00e1 confirmada la presencia del G\u00fcero Alonso a dicho encuentro, por obvias razones.<\/p>\n<p>*** Por cierto, no hay que olvidar el secuestro de <strong>Omar Plancarte<\/strong>, abanderado del PVEM en Michoac\u00e1n. En todos los casos se ha pedido la acci\u00f3n de la justicia, pero los flamantes funcionarios de esta llamada Cuarta Transformaci\u00f3n hacen o\u00eddos sordos.<\/p>\n<p><u><a href=\"mailto:morcora@gmail.com\" target=\"_blank\" rel=\"noopener noreferrer\"><em>morcora@gmail.com<\/em><\/a><\/u><\/p>\n","protected":false},"excerpt":{"rendered":"<p><span style=\"color: #005497;\"><strong>Adriana Moreno Cordero<\/strong><\/span><\/p>\n","protected":false},"author":3,"featured_media":0,"comment_status":"open","ping_status":"open","sticky":false,"template":"","format":"standard","meta":{"_monsterinsights_skip_tracking":false,"_monsterinsights_sitenote_active":false,"_monsterinsights_sitenote_note":"","_monsterinsights_sitenote_category":0,"footnotes":""},"categories":[69370],"tags":[69369,69368,43674],"class_list":["post-508394","post","type-post","status-publish","format-standard","hentry","category-adriana-moreno-cordero","tag-adriana-moreno-cordero","tag-la-retaguardia","tag-opinion"],"_links":{"self":[{"href":"https:\/\/www.diarioimagen.net\/index.php?rest_route=\/wp\/v2\/posts\/508394","targetHints":{"allow":["GET"]}}],"collection":[{"href":"https:\/\/www.diarioimagen.net\/index.php?rest_route=\/wp\/v2\/posts"}],"about":[{"href":"https:\/\/www.diarioimagen.net\/index.php?rest_route=\/wp\/v2\/types\/post"}],"author":[{"embeddable":true,"href":"https:\/\/www.diarioimagen.net\/index.php?rest_route=\/wp\/v2\/users\/3"}],"replies":[{"embeddable":true,"href":"https:\/\/www.diarioimagen.net\/index.php?rest_route=%2Fwp%2Fv2%2Fcomments&post=508394"}],"version-history":[{"count":0,"href":"https:\/\/www.diarioimagen.net\/index.php?rest_route=\/wp\/v2\/posts\/508394\/revisions"}],"wp:attachment":[{"href":"https:\/\/www.diarioimagen.net\/index.php?rest_route=%2Fwp%2Fv2%2Fmedia&parent=508394"}],"wp:term":[{"taxonomy":"category","embeddable":true,"href":"https:\/\/www.diarioimagen.net\/index.php?rest_route=%2Fwp%2Fv2%2Fcategories&post=508394"},{"taxonomy":"post_tag","embeddable":true,"href":"https:\/\/www.diarioimagen.net\/index.php?rest_route=%2Fwp%2Fv2%2Ftags&post=508394"}],"curies":[{"name":"wp","href":"https:\/\/api.w.org\/{rel}","templated":true}]}}