{"id":508689,"date":"2021-05-31T00:01:55","date_gmt":"2021-05-31T05:01:55","guid":{"rendered":"https:\/\/www.diarioimagen.net\/?p=508689"},"modified":"2021-05-31T06:18:22","modified_gmt":"2021-05-31T11:18:22","slug":"el-regreso-a-las-aulas-clases-duraran-50-minutos-en-la-cdmx","status":"publish","type":"post","link":"https:\/\/www.diarioimagen.net\/?p=508689","title":{"rendered":"El regreso a las aulas, clases durar\u00e1n 50 minutos, en la CDMX"},"content":{"rendered":"<p>&nbsp;<\/p>\n<h3 style=\"text-align: center;\">Publican medidas para el retorno, este 7 de junio<\/h3>\n<p>&nbsp;<\/p>\n<div id=\"attachment_508800\" style=\"width: 470px\" class=\"wp-caption aligncenter\"><a href=\"https:\/\/www.diarioimagen.net\/?attachment_id=508800\" rel=\"attachment wp-att-508800\"><img loading=\"lazy\" decoding=\"async\" aria-describedby=\"caption-attachment-508800\" class=\"size-full wp-image-508800\" src=\"https:\/\/www.diarioimagen.net\/wp-content\/uploads\/2021\/05\/CLASES-CDMX.jpg\" alt=\"\" width=\"460\" height=\"270\" \/><\/a><p id=\"caption-attachment-508800\" class=\"wp-caption-text\">El gobierno capitalino publica las medidas m\u00ednimas que se aplicar\u00e1n en las aulas para un regreso seguro.<\/p><\/div>\n<p>&nbsp;<\/p>\n<p>El gobierno de la Ciudad de M\u00e9xico emiti\u00f3 las medidas m\u00ednimas de protecci\u00f3n a la salud en los centros educativos para una reanudaci\u00f3n segura en las aulas este 7 de junio, que incluyen el uso optativo de uniforme, recesos escalonados y clases de 50 minutos.<\/p>\n<p>Estas medidas, publicadas en la Gaceta Oficial local, mencionan que la reanudaci\u00f3n ser\u00e1 de manera voluntaria, gradual y escalonada, las clases presenciales de educaci\u00f3n b\u00e1sica, media superior y superior, tanto p\u00fablica como privada; para lo que se deber\u00e1 observar las disposiciones espec\u00edficas que emita la Autoridad Educativa Federal, as\u00ed como la Estrategia Nacional para el Regreso Seguro a Clases Presenciales en las Escuelas de Educaci\u00f3n B\u00e1sica.<\/p>\n<p>Entre las disposiciones est\u00e1 el establecer entradas escalonadas de alumnos, de acuerdo con las caracter\u00edsticas de la escuela, grados, n\u00famero de grupos y asignaturas; priorizar la utilizaci\u00f3n de espacios abiertos para el desarrollo de actividades; mantener abiertas puertas y ventanas para garantizar la adecuada ventilaci\u00f3n de las aulas, y ser\u00e1 opcional el uso del uniforme.<\/p>\n<p>La duraci\u00f3n m\u00e1xima por clase ser\u00e1 de 50 minutos, para facilitar la ventilaci\u00f3n de las aulas; se establecer\u00e1n horarios escalonados para recesos; adem\u00e1s, deber\u00e1 realizarse diariamente la limpieza de la escuela y los salones de clases.<\/p>\n<p>En caso de que alg\u00fan docente o empleado presente s\u00edntomas relacionados con Covid-19, deber\u00e1 resguardarse en su domicilio, dar aviso de inmediato al centro educativo y a la Autoridad de la Ciudad de M\u00e9xico por mensaje de texto, en la p\u00e1gina de internet https:\/\/test.covid19.cdmx.gob.mx\/, llamando al n\u00famero telef\u00f3nico de Locatel o enviando un mensaje directo a la cuenta oficial del Gobierno de la Ciudad de M\u00e9xico en Facebook. En caso de alumnas o alumnos, la notificaci\u00f3n se har\u00e1 por conducto del padre, madre o tutor.<\/p>\n<p>El documento tambi\u00e9n refiere las medidas como el uso de cubrebocas durante toda la estancia en el centro escolar; garantizar la distancia de 1.5 metros entre bancas o butacas; la implementaci\u00f3n de filtros sanitarios en casa y en la entrada de la escuela y salones para la detecci\u00f3n de s\u00edntomas, y la toma de temperatura.<\/p>\n<p style=\"text-align: center;\"><strong>Sheinbaum supervisa limpieza en escuela<\/strong><\/p>\n<p>Por su parte, la jefa de Gobierno, Claudia Sheinbaum, supervis\u00f3 las labores de limpieza \u201cTequio en tu escuela\u201d, que se realizaron en la primaria \u201cGertrudis Bocanegra de Lazo de la Vega\u201d, ubicada en la colonia Del Valle, alcald\u00eda Benito Ju\u00e1rez.<\/p>\n<p>Como parte del mantenimiento que se realiza en 2 mil 783 planteles de educaci\u00f3n b\u00e1sica en la Ciudad de M\u00e9xico, para el regreso a clases presencial, escalonado y voluntario el 7 de junio, la mandataria local revis\u00f3 las labores de limpieza y mantenimiento de 15 salones, seis dormitorios; siete salones de laboratorios; dos patios, un jard\u00edn, un auditorio, una biblioteca y ludoteca, entre otras \u00e1reas.<\/p>\n","protected":false},"excerpt":{"rendered":"<p>El gobierno de la Ciudad de M\u00e9xico emiti\u00f3 las medidas m\u00ednimas de protecci\u00f3n a la salud en los centros educativos para una reanudaci\u00f3n segura en las aulas este 7 de junio, que incluyen el uso optativo de uniforme, recesos escalonados y clases de 50 minutos.<\/p>\n","protected":false},"author":3,"featured_media":508800,"comment_status":"open","ping_status":"open","sticky":false,"template":"","format":"standard","meta":{"_monsterinsights_skip_tracking":false,"_monsterinsights_sitenote_active":false,"_monsterinsights_sitenote_note":"","_monsterinsights_sitenote_category":0,"footnotes":""},"categories":[6],"tags":[204,393],"class_list":["post-508689","post","type-post","status-publish","format-standard","has-post-thumbnail","hentry","category-cd-de-mexico","tag-ciudad-de-mexico","tag-regreso-a-clases"],"_links":{"self":[{"href":"https:\/\/www.diarioimagen.net\/index.php?rest_route=\/wp\/v2\/posts\/508689","targetHints":{"allow":["GET"]}}],"collection":[{"href":"https:\/\/www.diarioimagen.net\/index.php?rest_route=\/wp\/v2\/posts"}],"about":[{"href":"https:\/\/www.diarioimagen.net\/index.php?rest_route=\/wp\/v2\/types\/post"}],"author":[{"embeddable":true,"href":"https:\/\/www.diarioimagen.net\/index.php?rest_route=\/wp\/v2\/users\/3"}],"replies":[{"embeddable":true,"href":"https:\/\/www.diarioimagen.net\/index.php?rest_route=%2Fwp%2Fv2%2Fcomments&post=508689"}],"version-history":[{"count":0,"href":"https:\/\/www.diarioimagen.net\/index.php?rest_route=\/wp\/v2\/posts\/508689\/revisions"}],"wp:featuredmedia":[{"embeddable":true,"href":"https:\/\/www.diarioimagen.net\/index.php?rest_route=\/wp\/v2\/media\/508800"}],"wp:attachment":[{"href":"https:\/\/www.diarioimagen.net\/index.php?rest_route=%2Fwp%2Fv2%2Fmedia&parent=508689"}],"wp:term":[{"taxonomy":"category","embeddable":true,"href":"https:\/\/www.diarioimagen.net\/index.php?rest_route=%2Fwp%2Fv2%2Fcategories&post=508689"},{"taxonomy":"post_tag","embeddable":true,"href":"https:\/\/www.diarioimagen.net\/index.php?rest_route=%2Fwp%2Fv2%2Ftags&post=508689"}],"curies":[{"name":"wp","href":"https:\/\/api.w.org\/{rel}","templated":true}]}}