{"id":508694,"date":"2021-05-31T00:01:21","date_gmt":"2021-05-31T05:01:21","guid":{"rendered":"https:\/\/www.diarioimagen.net\/?p=508694"},"modified":"2021-05-31T07:42:54","modified_gmt":"2021-05-31T12:42:54","slug":"el-panismo-atizapense-arropa-a-sus-candidatos-pedro-rodriguez-ana-balderas-carlos-madrazo-y-roman-cortes","status":"publish","type":"post","link":"https:\/\/www.diarioimagen.net\/?p=508694","title":{"rendered":"El panismo atizapense arropa a sus candidatos Pedro Rodr\u00edguez, Ana Balderas, Carlos Madrazo y Rom\u00e1n Cort\u00e9s\u00a0"},"content":{"rendered":"<p><strong>\u00a0<\/strong><\/p>\n<p><a href=\"https:\/\/www.diarioimagen.net\/?attachment_id=508851\" rel=\"attachment wp-att-508851\"><img loading=\"lazy\" decoding=\"async\" class=\"aligncenter size-full wp-image-508851\" src=\"https:\/\/www.diarioimagen.net\/wp-content\/uploads\/2021\/05\/atizapan-5.jpg\" alt=\"\" width=\"460\" height=\"270\" \/><\/a><\/p>\n<p>&nbsp;<\/p>\n<p><strong>Atizap\u00e1n, Estado de M\u00e9xico.- <\/strong>Cientos de miembros activos, militantes y simpatizantes del Partido Acci\u00f3n Nacional de Atizap\u00e1n se reunieron en el Comit\u00e9 Directivo Municipal para patentizar su total apoyo, lealtad y compromiso a sus candidatos Pedro Rodr\u00edguez Villegas, por la Presidencia Municipal; por las diputaciones federales, Ana Balderas Trejo, del Distrito 14 y Carlos Madrazo Lim\u00f3n, en el Distrito 15; as\u00ed como Rom\u00e1n Francisco Cort\u00e9s Lugo, abanderado a diputado local del Distrito 16.<\/p>\n","protected":false},"excerpt":{"rendered":"<p>Cientos de miembros activos, militantes y simpatizantes del Partido Acci\u00f3n Nacional de Atizap\u00e1n se reunieron en el Comit\u00e9 Directivo Municipal para patentizar su total apoyo, lealtad y compromiso a sus candidatos Pedro Rodr\u00edguez Villegas, por la Presidencia Municipal; por las diputaciones federales, Ana Balderas Trejo, del Distrito 14 y Carlos Madrazo Lim\u00f3n, en el Distrito 15; as\u00ed como Rom\u00e1n Francisco Cort\u00e9s Lugo, abanderado a diputado local del Distrito 16.<\/p>\n","protected":false},"author":3,"featured_media":508851,"comment_status":"open","ping_status":"open","sticky":false,"template":"","format":"standard","meta":{"_monsterinsights_skip_tracking":false,"_monsterinsights_sitenote_active":false,"_monsterinsights_sitenote_note":"","_monsterinsights_sitenote_category":0,"footnotes":""},"categories":[5],"tags":[93054,969,43675,91],"class_list":["post-508694","post","type-post","status-publish","format-standard","has-post-thumbnail","hentry","category-estado-de-mexico","tag-arropa","tag-atizapan","tag-estado-de-mexico","tag-pan"],"_links":{"self":[{"href":"https:\/\/www.diarioimagen.net\/index.php?rest_route=\/wp\/v2\/posts\/508694","targetHints":{"allow":["GET"]}}],"collection":[{"href":"https:\/\/www.diarioimagen.net\/index.php?rest_route=\/wp\/v2\/posts"}],"about":[{"href":"https:\/\/www.diarioimagen.net\/index.php?rest_route=\/wp\/v2\/types\/post"}],"author":[{"embeddable":true,"href":"https:\/\/www.diarioimagen.net\/index.php?rest_route=\/wp\/v2\/users\/3"}],"replies":[{"embeddable":true,"href":"https:\/\/www.diarioimagen.net\/index.php?rest_route=%2Fwp%2Fv2%2Fcomments&post=508694"}],"version-history":[{"count":0,"href":"https:\/\/www.diarioimagen.net\/index.php?rest_route=\/wp\/v2\/posts\/508694\/revisions"}],"wp:featuredmedia":[{"embeddable":true,"href":"https:\/\/www.diarioimagen.net\/index.php?rest_route=\/wp\/v2\/media\/508851"}],"wp:attachment":[{"href":"https:\/\/www.diarioimagen.net\/index.php?rest_route=%2Fwp%2Fv2%2Fmedia&parent=508694"}],"wp:term":[{"taxonomy":"category","embeddable":true,"href":"https:\/\/www.diarioimagen.net\/index.php?rest_route=%2Fwp%2Fv2%2Fcategories&post=508694"},{"taxonomy":"post_tag","embeddable":true,"href":"https:\/\/www.diarioimagen.net\/index.php?rest_route=%2Fwp%2Fv2%2Ftags&post=508694"}],"curies":[{"name":"wp","href":"https:\/\/api.w.org\/{rel}","templated":true}]}}