{"id":508861,"date":"2021-06-01T00:02:51","date_gmt":"2021-06-01T05:02:51","guid":{"rendered":"https:\/\/www.diarioimagen.net\/?p=508861"},"modified":"2021-06-02T05:09:31","modified_gmt":"2021-06-02T10:09:31","slug":"pjcdmx-instala-comision-para-la-implementacion-de-la-oralidad-civil-mercantil-y-mejora-regulatoria","status":"publish","type":"post","link":"https:\/\/www.diarioimagen.net\/?p=508861","title":{"rendered":"PJCDMX instala Comisi\u00f3n para la Implementaci\u00f3n de la Oralidad Civil, Mercantil y Mejora Regulatoria"},"content":{"rendered":"<p>&nbsp;<\/p>\n<ul>\n<li><strong><em>El presidente del \u00f3rgano judicial, mag. Rafael Guerra \u00c1lvarez, encabez\u00f3 la instalaci\u00f3n, acto en el que dijo que se trata de la respuesta a una demanda hist\u00f3rica de justicia pronta, expedita, profesional, restaurativa y adecuada para la sociedad actual<\/em><\/strong><\/li>\n<\/ul>\n<p>&nbsp;<\/p>\n<div id=\"attachment_508934\" style=\"width: 470px\" class=\"wp-caption aligncenter\"><a href=\"https:\/\/www.diarioimagen.net\/?attachment_id=508934\" rel=\"attachment wp-att-508934\"><img loading=\"lazy\" decoding=\"async\" aria-describedby=\"caption-attachment-508934\" class=\"size-full wp-image-508934\" src=\"https:\/\/www.diarioimagen.net\/wp-content\/uploads\/2021\/06\/tribunal.jpg\" alt=\"\" width=\"460\" height=\"231\" \/><\/a><p id=\"caption-attachment-508934\" class=\"wp-caption-text\">El presidente del Poder Judicial de la Ciudad de M\u00e9xico, magistrado Rafael Guerra \u00c1lvarez, encabez\u00f3 la instalaci\u00f3n de la Comisi\u00f3n para la Implementaci\u00f3n de la Oralidad Civil, Mercantil y Mejora Regulatoria, y al t\u00e9rmino de \u00e9sta visit\u00f3 diversas \u00e1reas del edificio Clementina Gil de Lester.<\/p><\/div>\n<p>&nbsp;<\/p>\n<p>El Poder Judicial de la Ciudad de M\u00e9xico (PJCDMX) instal\u00f3 ayer la Comisi\u00f3n para la Implementaci\u00f3n de la Oralidad Civil, Mercantil y Mejora Regulatoria, en cuyo acto el presidente, magistrado Rafael Guerra \u00c1lvarez, enfatiz\u00f3 que se trata de la respuesta a una demanda hist\u00f3rica de justicia pronta, expedita, profesional, restaurativa y adecuada para la sociedad actual.<\/p>\n<p>En la Sala de Presidentes del \u00f3rgano judicial capitalino, el magistrado reconoci\u00f3 que parte de lo hecho hasta ahora en estas materias debi\u00f3 superar la adversidad de una pandemia global de condiciones imprevisibles para cualquier Estado, pero record\u00f3 que el camino para escribir la historia est\u00e1 lleno de adversidad.<\/p>\n<p>Al pronunciar un mensaje, Guerra \u00c1lvarez destac\u00f3 que las generaciones precedentes legaron un marco en el que la libertad individual, la igualdad ante la ley, la distribuci\u00f3n de poderes, el derecho a la propiedad privada, la libre asociaci\u00f3n, de credo y de manifestaci\u00f3n son una realidad concreta y siempre perfectible.<\/p>\n<p>El tambi\u00e9n presidente del Consejo de la Judicatura local dijo a los integrantes de la comisi\u00f3n que hoy tienen la oportunidad de trascender y ser el cambio que la sociedad ha esperado, y se refiri\u00f3 al contexto actual en el que la propaganda es fugaz y la ret\u00f3rica y la lucha por los votos ef\u00edmeras.<\/p>\n<p>Lo que permanece, contrapuso, son esfuerzos como los de la comisi\u00f3n, cuya materialidad se consuma en la ley y su esp\u00edritu.<\/p>\n<p>Abund\u00f3 que el Estado liberal se consuma perpetuando a la libertad, la igualdad y la fraternidad en la vida de ciudadanos capaces de ejercer, defender y ampliar sus derechos m\u00e1s all\u00e1 de los sue\u00f1os de sus antepasados.<\/p>\n<p>Durante la sesi\u00f3n, se nombr\u00f3 al consejero de la Judicatura de la Ciudad de M\u00e9xico, magistrado Andr\u00e9s Linares Carranza, como enlace entre el PJCDMX y la Comisi\u00f3n Nacional de Mejora Regulatoria y la Unidad de Mejora Regulatoria local; asimismo, qued\u00f3 establecido el calendario de sesiones ordinarias de la comisi\u00f3n, y se definieron las bases y organizaci\u00f3n del Programa Anual de Mejora Regulatoria.<\/p>\n<p>Adem\u00e1s, qued\u00f3 trazado el cronograma de trabajo, y se determinaron los mecanismos de suministro, intercambio, sistematizaci\u00f3n y actualizaci\u00f3n de la informaci\u00f3n en materia de mejora regulatoria.<\/p>\n<p>Los integrantes de la comisi\u00f3n abordaron temas como el uso de la firma y documento electr\u00f3nico; el desarrollo de la justicia digital a trav\u00e9s de juzgados con sistemas de citas electr\u00f3nicas para tr\u00e1mites administrativos, Sistema Integral de Gesti\u00f3n Judicial y Consulta de Expedientes Digital.<\/p>\n<p>En los trabajos de la instalaci\u00f3n de la Comisi\u00f3n para la Implementaci\u00f3n de la Oralidad Civil, Mercantil y Mejora Regulatoria participaron sus integrantes: los consejeros de la Judicatura de la Ciudad de M\u00e9xico, magistrado Andr\u00e9s Linares Carranza, y Ricardo Amezcua Gal\u00e1n; asimismo, la magistrada Martha Luc\u00eda Elizondo T\u00e9llez, y los magistrados Marco Antonio Velasco Arredondo, Jos\u00e9 G\u00f3mez Gonz\u00e1lez, Yaopol P\u00e9rez Amaya Jim\u00e9nez y Eliseo Juan Hern\u00e1ndez Villaverde.<\/p>\n<p>Adem\u00e1s, Sergio Fontes Granados, oficial mayor; Alfonso Sierra Lam, director general Jur\u00eddico y secretario t\u00e9cnico de la comisi\u00f3n, as\u00ed como tambi\u00e9n Alejandro Torres Jim\u00e9nez, asesor de la Presidencia.<\/p>\n<p>Al t\u00e9rmino de los trabajos de la comisi\u00f3n, el magistrado Guerra \u00c1lvarez visti\u00f3 diversas \u00e1reas del edificio <em>Clementina Gil de Lester<\/em>, entre \u00e9stas, la Visitadur\u00eda Judicial, Comunicaci\u00f3n Social, la sede de la Oficial\u00eda de Partes Com\u00fan Civil, Cuant\u00eda Menor, Oralidad, Familiar y Secci\u00f3n Salas, las oficial\u00edas de partes de los juzgados de la materia Familiar y la sala del lactario, que brinda servicio a mam\u00e1s tanto del \u00f3rgano judicial como al p\u00fablico en general.<\/p>\n","protected":false},"excerpt":{"rendered":"<p>El Poder Judicial de la Ciudad de M\u00e9xico (PJCDMX) instal\u00f3 ayer la Comisi\u00f3n para la Implementaci\u00f3n de la Oralidad Civil, Mercantil y Mejora Regulatoria, en cuyo acto el presidente, magistrado Rafael Guerra \u00c1lvarez, enfatiz\u00f3 que se trata de la respuesta a una demanda hist\u00f3rica de justicia pronta, expedita, profesional, restaurativa y adecuada para la sociedad actual.<\/p>\n","protected":false},"author":3,"featured_media":508935,"comment_status":"open","ping_status":"open","sticky":false,"template":"","format":"standard","meta":{"_monsterinsights_skip_tracking":false,"_monsterinsights_sitenote_active":false,"_monsterinsights_sitenote_note":"","_monsterinsights_sitenote_category":0,"footnotes":""},"categories":[6],"tags":[87379,79994],"class_list":["post-508861","post","type-post","status-publish","format-standard","has-post-thumbnail","hentry","category-cd-de-mexico","tag-pjcdmx","tag-rafael-guerra-alvarez"],"_links":{"self":[{"href":"https:\/\/www.diarioimagen.net\/index.php?rest_route=\/wp\/v2\/posts\/508861","targetHints":{"allow":["GET"]}}],"collection":[{"href":"https:\/\/www.diarioimagen.net\/index.php?rest_route=\/wp\/v2\/posts"}],"about":[{"href":"https:\/\/www.diarioimagen.net\/index.php?rest_route=\/wp\/v2\/types\/post"}],"author":[{"embeddable":true,"href":"https:\/\/www.diarioimagen.net\/index.php?rest_route=\/wp\/v2\/users\/3"}],"replies":[{"embeddable":true,"href":"https:\/\/www.diarioimagen.net\/index.php?rest_route=%2Fwp%2Fv2%2Fcomments&post=508861"}],"version-history":[{"count":0,"href":"https:\/\/www.diarioimagen.net\/index.php?rest_route=\/wp\/v2\/posts\/508861\/revisions"}],"wp:featuredmedia":[{"embeddable":true,"href":"https:\/\/www.diarioimagen.net\/index.php?rest_route=\/wp\/v2\/media\/508935"}],"wp:attachment":[{"href":"https:\/\/www.diarioimagen.net\/index.php?rest_route=%2Fwp%2Fv2%2Fmedia&parent=508861"}],"wp:term":[{"taxonomy":"category","embeddable":true,"href":"https:\/\/www.diarioimagen.net\/index.php?rest_route=%2Fwp%2Fv2%2Fcategories&post=508861"},{"taxonomy":"post_tag","embeddable":true,"href":"https:\/\/www.diarioimagen.net\/index.php?rest_route=%2Fwp%2Fv2%2Ftags&post=508861"}],"curies":[{"name":"wp","href":"https:\/\/api.w.org\/{rel}","templated":true}]}}