{"id":508868,"date":"2021-06-01T00:13:44","date_gmt":"2021-06-01T05:13:44","guid":{"rendered":"https:\/\/www.diarioimagen.net\/?p=508868"},"modified":"2021-06-02T01:36:08","modified_gmt":"2021-06-02T06:36:08","slug":"issac-janix-puntea-en-las-encuestas-por-la-alcaldia-de-benito-juarez-mara-lezama-se-desploma","status":"publish","type":"post","link":"https:\/\/www.diarioimagen.net\/?p=508868","title":{"rendered":"Issac J\u00e1nix puntea en las encuestas por la alcald\u00eda de Benito Ju\u00e1rez; Mara Lezama se desploma"},"content":{"rendered":"<h2>Derecho de r\u00e9plica<\/h2>\n<h5>Jos\u00e9 Luis Monta\u00f1ez<\/h5>\n<p>&nbsp;<\/p>\n<div id=\"attachment_508941\" style=\"width: 470px\" class=\"wp-caption aligncenter\"><a href=\"https:\/\/www.diarioimagen.net\/?attachment_id=508941\" rel=\"attachment wp-att-508941\"><img loading=\"lazy\" decoding=\"async\" aria-describedby=\"caption-attachment-508941\" class=\"size-full wp-image-508941\" src=\"https:\/\/www.diarioimagen.net\/wp-content\/uploads\/2021\/06\/Janix.jpg\" alt=\"\" width=\"460\" height=\"270\" \/><\/a><p id=\"caption-attachment-508941\" class=\"wp-caption-text\">La sorpresa en este proceso electoral la est\u00e1 dando Issac J\u00e1nix, candidato del Partido Fuerza por M\u00e9xico.<\/p><\/div>\n<p>&nbsp;<\/p>\n<p>A seis d\u00edas de que se celebren en Canc\u00fan elecciones para alcalde, la sorpresa en este proceso electoral la est\u00e1 dando Issac J\u00e1nix, candidato del Partido Fuerza por M\u00e9xico, quien se encontraba ayer varios puntos arriba en las encuestas sobre preferencias electorales, de la abanderada de Morena, Mara Hermelinda Lezama.<\/p>\n<p>Sin embargo, habr\u00e1 que recordar que la verdadera encuesta ser\u00e1 este seis de junio, cuando la ciudadan\u00eda salga a emitir su voto.<\/p>\n<p>Por lo pronto, en el cuartel y casa de campa\u00f1a del candidato rosa todo es optimismo y un ej\u00e9rcito de militantes de Fuerza por M\u00e9xico, asesorados por abogados, se encargar\u00e1n de vigilar que en las votaciones todo se haga conforme a la ley y nadie haga trampa para hacerse de la victoria.<\/p>\n<p>Mientras tanto, en el primer c\u00edrculo de la alcaldesa con licencia, Mara Hermelinda Lezama, la preocupaci\u00f3n se empez\u00f3 a dejar sentir por el desplome en las encuestas de la candidata de Morena que busca la reelecci\u00f3n en el cargo de presidenta municipal para de ah\u00ed, en seis meses, buscar la gubernatura como sucesora de Carlos Joaqu\u00edn Gonz\u00e1lez.<\/p>\n<p>Como me lo cuentan, se lo cuento caro y querido lector, pues ya sabe usted que mi pecho no es bodega&#8230; jejejejeje<\/p>\n<p>Una de nuestras antenas nos report\u00f3 ayer por la tarde que Mara tuvo un ataque de depresi\u00f3n que lleg\u00f3 hasta las l\u00e1grimas por ver c\u00f3mo su sue\u00f1o de ser reelecta y buscar la jefatura del ejecutivo estatal se esfuma.<\/p>\n<p>De <em>Chucho<\/em> Pool, candidato de la alianza PAN-PRD al mismo cargo, se nos informa que est\u00e1 un poco rezagado en el tercer sitio, sin embargo le recuerdo que el n\u00famero de indecisos en la m\u00e1s reciente encuesta que hoy publicamos en portada habla de casi un 28 por ciento de los encuestados. Con la mitad de esos votos cualquiera de los tres aspirantes serios a la alcald\u00eda benitojuarense se puede llevar el triunfo en las urnas.<\/p>\n<p style=\"text-align: center;\"><strong>Sem\u00e1foro Rojo, a la vuelta de la esquina, si no bajan los contagios <\/strong><\/p>\n<p>Como bien inform\u00f3 el gobernador de Quintana Roo, Carlos Joaqu\u00edn Gonz\u00e1lez, esta semana es decisiva en el tenor del comportamiento del sem\u00e1foro de riesgo epidemiol\u00f3gico, que si bien, hoy se encuentra en color naranja; si los contagios persisten, seguramente habr\u00e1 que retroceder al rojo, al menos hasta que se controle la situaci\u00f3n.<\/p>\n<p>En este escenario el panorama es realmente complicado, pues se dio a conocer que los hospitales del estado ya han superado el 50% de ocupaci\u00f3n, alcanzando cifras incluso parecidas a las que se tuvieron durante la etapa m\u00e1s critica de contagios el a\u00f1o pasado. Por lo que es necesario que la poblaci\u00f3n acate los protocolos de una forma mas estricta que nunca.<\/p>\n<p>De acuerdo con el Sistema de Informaci\u00f3n de la red de Infecciones Respiratorias Agudas (IRAG), la ocupaci\u00f3n de las terapias intensivas de tres hospitales de Quintana Roo se encuentra arriba del 50%, incluso alcanza el 100% en algunos nosocomios, por ejemplo, el Hospital de Zona n\u00famero 18 del Instituto Mexicano del Seguro Social (IMSS) en Playa del Carmen se encuentra al borde del 100% es decir, que no hay lugar para nadie m\u00e1s.<\/p>\n<p>Mientras que el Hospital General de Zona n\u00famero 3 en Benito Ju\u00e1rez y el Hospital General de Canc\u00fan, muy pronto podr\u00edan estar en el mismo escenario, ya que se encuentran en 75 y 50% de ocupaci\u00f3n, respectivamente, pero con un comportamiento en crecimiento constante, al menos hasta el d\u00eda de ayer.<\/p>\n<p>El Hospital General de Chetumal, por otra parte, hoy se encuentra con un 44%, porcentaje que alcanz\u00f3 hace cuatro d\u00edas, ya que al igual que los ejemplos anteriores, tambi\u00e9n se encontraba por arriba del 70%, pero despu\u00e9s baj\u00f3 un poco.<\/p>\n<p>Asimismo, la estad\u00edstica de la Red IRAG indica que el Hospital General de Playa del Carmen muestra una tendencia a la alza desde el pasado 24 de mayo y aunque en este caso a\u00fan no es tan grave como en los otros nosocomios, no se descarta que pronto podr\u00eda igualar las cifras superiores al 50%.<\/p>\n<p>En este caso y para entender las anteriores cifras de una forma m\u00e1s precisa, hay que aclarar que las unidades de terapia intensiva con ventilador son las que se designan para atender a los pacientes cr\u00edticos que requieren intubaci\u00f3n por complicaciones del SARS-CoV-2. De tal manera que las autoridades de salud han advertido que la saturaci\u00f3n de los hospitales es un aspecto que debe disminuir para garantizar la atenci\u00f3n m\u00e9dica de urgencia de todos los ciudadanos y con ello evitar m\u00e1s muertes.<\/p>\n<p>En cuanto a la ocupaci\u00f3n de las camas de uso general, el Hospital General de Zona n\u00famero 3 del IMSS es el que mayor demanda registra con un 72% de su capacidad hasta el d\u00eda de ayer, el resto est\u00e1n incluso por debajo del 50%.<\/p>\n<p>Por su parte, Ruy L\u00f3pez Ridaura, director general del Centro Nacional de Programas Preventivos y Control de Enfermedades (Cenaprece) afirm\u00f3: \u201cHemos tambi\u00e9n tenido ya varias reuniones tanto virtuales como presenciales con las autoridades sanitarias de Quintana Roo, en donde se est\u00e1n implementando una serie de estrategias para controlar ese inicio del brote\u201d, es decir, que las acciones contin\u00faan en el estado, donde se present\u00f3 esta tercera ola de la enfermedad y que es urgente frenar.<\/p>\n<p style=\"text-align: center;\"><strong>Restricciones nuevas son necesarias: Canirac<\/strong><\/p>\n<p>Por otra parte el sector empresarial, que ha sido, sin duda, de los m\u00e1s golpeados econ\u00f3micamente durante esta contingencia sanitaria; demuestra su compromiso en el combate a la pandemia y destacan que las nuevas restricciones son necesarias para poner un freno a los contagios, de manera, que ellos las acatar\u00e1n y promover\u00e1n entre sus trabajadores y clientes, pues de regresar a sem\u00e1foro rojo de riesgo epidemiol\u00f3gico, ser\u00eda tr\u00e1gico para la mayor\u00eda de los comercios.<\/p>\n<p>Y es que, el gobierno del estado ha dispuesto nuevas restricciones en la movilidad y horarios de servicios, desde la semana pasada y anunci\u00f3 que esta semana se dar\u00e1n a conocer a\u00fan m\u00e1s, por lo que el presidente de C\u00e1mara Nacional de la Industria de Restaurantes y Alimentos Condimentados (Canirac) de Canc\u00fan, Marcy Bezaleel Pacheco Mendoza, no s\u00f3lo respald\u00f3 estas acciones sino que las celebr\u00f3 \u201ceran necesarias para lograr disminuir la curva de contagio de Covid-19\u201d, dijo.<\/p>\n<p>Asimismo, manifest\u00f3 que en coordinaci\u00f3n con el resto de las c\u00e1maras empresariales se realizan los esfuerzos para poder atender las recomendaciones que permitan avanzar hacia el color amarillo del sem\u00e1foro de riesgo epidemiol\u00f3gico, pues de lo contrario, el rojo, llevar\u00eda a muchos mas negocios a la quiebra y a la gente al desempleo.<\/p>\n<p>\u201cLo que estamos contemplando sobre todo es, estar junto con la ciudadan\u00eda cuidarlos y cuidarnos, nosotros ya sab\u00edamos de antemano que estas medidas son las que se ten\u00edan que hacer, hemos estado platicando con todas las c\u00e1maras empresariales y asociaciones para unirnos y sobre todo que no se esparza el virus\u201d, declar\u00f3.<\/p>\n<p>Sobre el tipo de restricciones dijo: \u201cLo que hemos estado haciendo son 22 pasos de calidad que nos aval\u00f3 la Cofepris y sobre todo, la participaci\u00f3n ciudadana dentro y fuera de los lugares de trabajo, es decir, que se les invita, adem\u00e1s a respetar la sana distancia, uso de cubrebocas e higiene constante, sobre todo fuera de los negocios, donde no podemos garantizar que lo hagan\u201d.<\/p>\n<p>Reconoci\u00f3 que las restricciones impactan considerablemente las finanzas del sector restaurantero, pues con horarios y aforos reducidos, sus ingresos evidentemente son menores, pero manifest\u00f3 que lo importante \u201ces proteger a la salud de clientes y colaboradores. Incluso en reuniones previas con las autoridades se nos hizo del conocimiento de estas acciones y en el caso de la Canirac mantenemos muy activos nuestros 22 pasos a seguir como parte de los protocolos de sanidad\u201d.<\/p>\n<p>Concluy\u00f3 enfatizando en la importancia de que todos los sectores acaten las nuevas disposiciones de las autoridades para no poner en riego la temporada de verano que se prev\u00e9 con cifras bastante alentadoras, sin embargo, no ser\u00e1 sino hasta la pr\u00f3xima semana cuando se sepa si el estado permanece en naranja o retrocede a rojo, pues el regresar al amarillo, resulta casi imposible de momento.<\/p>\n<p><em>Escr\u00edbame a mi mail: <\/em><em><a href=\"mailto:montanezaguilar@gmail.com\" target=\"_blank\" rel=\"noopener noreferrer\">montanezaguilar@gmail.com<\/a><\/em><\/p>\n","protected":false},"excerpt":{"rendered":"<p><span style=\"color: #005497;\"><strong>Jos\u00e9 Luis Monta\u00f1ez<\/strong><\/span><br \/>\n<br \/>\nA seis d\u00edas de que se celebren en Canc\u00fan elecciones para alcalde, la sorpresa en este proceso electoral la est\u00e1 dando Issac J\u00e1nix, candidato del Partido Fuerza por M\u00e9xico, quien se encontraba ayer varios puntos arriba en las encuestas sobre preferencias electorales, de la abanderada de Morena, Mara Hermelinda Lezama.<\/p>\n","protected":false},"author":3,"featured_media":508941,"comment_status":"open","ping_status":"open","sticky":false,"template":"","format":"standard","meta":{"_monsterinsights_skip_tracking":false,"_monsterinsights_sitenote_active":false,"_monsterinsights_sitenote_note":"","_monsterinsights_sitenote_category":0,"footnotes":""},"categories":[11622,25512],"tags":[47840,54579,43674],"class_list":["post-508868","post","type-post","status-publish","format-standard","has-post-thumbnail","hentry","category-jose-luis-montanez-aguilar","category-nacional-nacional","tag-derecho-de-replica","tag-jose-luis-montanez","tag-opinion"],"_links":{"self":[{"href":"https:\/\/www.diarioimagen.net\/index.php?rest_route=\/wp\/v2\/posts\/508868","targetHints":{"allow":["GET"]}}],"collection":[{"href":"https:\/\/www.diarioimagen.net\/index.php?rest_route=\/wp\/v2\/posts"}],"about":[{"href":"https:\/\/www.diarioimagen.net\/index.php?rest_route=\/wp\/v2\/types\/post"}],"author":[{"embeddable":true,"href":"https:\/\/www.diarioimagen.net\/index.php?rest_route=\/wp\/v2\/users\/3"}],"replies":[{"embeddable":true,"href":"https:\/\/www.diarioimagen.net\/index.php?rest_route=%2Fwp%2Fv2%2Fcomments&post=508868"}],"version-history":[{"count":0,"href":"https:\/\/www.diarioimagen.net\/index.php?rest_route=\/wp\/v2\/posts\/508868\/revisions"}],"wp:featuredmedia":[{"embeddable":true,"href":"https:\/\/www.diarioimagen.net\/index.php?rest_route=\/wp\/v2\/media\/508941"}],"wp:attachment":[{"href":"https:\/\/www.diarioimagen.net\/index.php?rest_route=%2Fwp%2Fv2%2Fmedia&parent=508868"}],"wp:term":[{"taxonomy":"category","embeddable":true,"href":"https:\/\/www.diarioimagen.net\/index.php?rest_route=%2Fwp%2Fv2%2Fcategories&post=508868"},{"taxonomy":"post_tag","embeddable":true,"href":"https:\/\/www.diarioimagen.net\/index.php?rest_route=%2Fwp%2Fv2%2Ftags&post=508868"}],"curies":[{"name":"wp","href":"https:\/\/api.w.org\/{rel}","templated":true}]}}