{"id":508899,"date":"2021-06-01T00:02:26","date_gmt":"2021-06-01T05:02:26","guid":{"rendered":"https:\/\/www.diarioimagen.net\/?p=508899"},"modified":"2021-06-01T06:12:04","modified_gmt":"2021-06-01T11:12:04","slug":"el-aspirante-a-la-alcaldia-de-tultitlan-adan-barron-cercano-a-la-ciudadania","status":"publish","type":"post","link":"https:\/\/www.diarioimagen.net\/?p=508899","title":{"rendered":"El aspirante a la alcald\u00eda de Tultitl\u00e1n, Ad\u00e1n Barr\u00f3n, cercano a la ciudadan\u00eda"},"content":{"rendered":"<p>&nbsp;<\/p>\n<ul>\n<li><strong><em>Compromiso de escuchar y atender temas sensibles<\/em><\/strong><\/li>\n<\/ul>\n<p>&nbsp;<\/p>\n<div id=\"attachment_509024\" style=\"width: 470px\" class=\"wp-caption aligncenter\"><a href=\"https:\/\/www.diarioimagen.net\/?attachment_id=509024\" rel=\"attachment wp-att-509024\"><img loading=\"lazy\" decoding=\"async\" aria-describedby=\"caption-attachment-509024\" class=\"size-full wp-image-509024\" src=\"https:\/\/www.diarioimagen.net\/wp-content\/uploads\/2021\/06\/tultitlan.jpg\" alt=\"\" width=\"460\" height=\"270\" \/><\/a><p id=\"caption-attachment-509024\" class=\"wp-caption-text\">El aspirante a la presidencia municipal de Tultitl\u00e1n Jorge Ad\u00e1n Barr\u00f3n Elizalde por\u00a0 el PRI, llev\u00f3 a cabo durante m\u00e1s de 25 horas contin\u00faas la audiencia ciudadana \u201cescuchar para construir\u201d.<\/p><\/div>\n<p>&nbsp;<\/p>\n<p><strong>Tultitl\u00e1n, Estado de M\u00e9xico<\/strong>. &#8211; Con el firme compromiso de escuchar y atender temas sensibles que aquejan a las y los tultitlenses, el aspirante a la presidencia municipal de Tultitl\u00e1n Jorge Ad\u00e1n Barr\u00f3n Elizalde por el Partido Revolucionario Institucional (PRI), llev\u00f3 a cabo durante m\u00e1s de 25 horas contin\u00faas la audiencia ciudadana \u201cescuchar para construir\u201d.<\/p>\n<p>Con sede en el sal\u00f3n de usos m\u00faltiples \u201clas canchas\u201d en la cabecera municipal, el candidato atendi\u00f3 a m\u00e1s de 2 mil 500 asistentes de todas las colonias de la demarcaci\u00f3n, las cuales expusieron sus peticiones, inconformidades y propuestas para dignificar la calidad de vida de la ciudadan\u00eda.<\/p>\n<p>Por su parte, el postulante pri\u00edsta se\u00f1al\u00f3 qu\u00e9 los temas que m\u00e1s le han pedido son el de Seguridad P\u00fablica, Alumbrado P\u00fablico, Rehabilitaci\u00f3n de Espacios P\u00fablicos, Escrituraci\u00f3n, Regularizaci\u00f3n de pago de agua, entre otras peticiones no menos importantes.<\/p>\n<p>Tambi\u00e9n, coment\u00f3 que durante las m\u00e1s de 25 horas que atendi\u00f3 en conjunto con su equipo de trabajo, se han firmado todos los compromisos que adquiri\u00f3 en la misma y una vez ganando, ser\u00e1n aprobadas ante Notario P\u00fablico para que se cumplan en el marco de la ley y en absoluta transparencia.<\/p>\n<p>De igual manera, enfatiz\u00f3 qu\u00e9 hay un plan de trabajo el cual agilizar\u00e1 los tiempos de respuesta de cada compromiso adquirido, reiterando que en la administraci\u00f3n que presidi\u00f3, tuvo respuesta favorable y se homologar\u00e1n con nuevas estrategias las cuales tienen el objetivo de elevar la calidad de vida de la ciudadan\u00eda en general.<\/p>\n<p>\u201cSiempre nos hemos distinguido por trabajar de la mano con la poblaci\u00f3n, sin importar partidos ni colores, es por ello qu\u00e9 tenemos la convicci\u00f3n de gobernar para todos y que haya equidad\u201d.<\/p>\n<p>Finalmente Barr\u00f3n Elizalde exhort\u00f3 a la gente salir a votar, a participar en esta contienda electoral para que\u00a0\u00a0 a Tultitl\u00e1n le vaya bien.<\/p>\n","protected":false},"excerpt":{"rendered":"<p>Con el firme compromiso de escuchar y atender temas sensibles que aquejan a las y los tultitlenses, el aspirante a la presidencia municipal de Tultitl\u00e1n Jorge Ad\u00e1n Barr\u00f3n Elizalde por el Partido Revolucionario Institucional (PRI), llev\u00f3 a cabo durante m\u00e1s de 25 horas contin\u00faas la audiencia ciudadana \u201cescuchar para construir\u201d.<\/p>\n","protected":false},"author":3,"featured_media":509024,"comment_status":"open","ping_status":"open","sticky":false,"template":"","format":"standard","meta":{"_monsterinsights_skip_tracking":false,"_monsterinsights_sitenote_active":false,"_monsterinsights_sitenote_note":"","_monsterinsights_sitenote_category":0,"footnotes":""},"categories":[5],"tags":[43675,48077,362,578],"class_list":["post-508899","post","type-post","status-publish","format-standard","has-post-thumbnail","hentry","category-estado-de-mexico","tag-estado-de-mexico","tag-jorge-adan-barron-elizalde","tag-pri","tag-tultitlan"],"_links":{"self":[{"href":"https:\/\/www.diarioimagen.net\/index.php?rest_route=\/wp\/v2\/posts\/508899","targetHints":{"allow":["GET"]}}],"collection":[{"href":"https:\/\/www.diarioimagen.net\/index.php?rest_route=\/wp\/v2\/posts"}],"about":[{"href":"https:\/\/www.diarioimagen.net\/index.php?rest_route=\/wp\/v2\/types\/post"}],"author":[{"embeddable":true,"href":"https:\/\/www.diarioimagen.net\/index.php?rest_route=\/wp\/v2\/users\/3"}],"replies":[{"embeddable":true,"href":"https:\/\/www.diarioimagen.net\/index.php?rest_route=%2Fwp%2Fv2%2Fcomments&post=508899"}],"version-history":[{"count":0,"href":"https:\/\/www.diarioimagen.net\/index.php?rest_route=\/wp\/v2\/posts\/508899\/revisions"}],"wp:featuredmedia":[{"embeddable":true,"href":"https:\/\/www.diarioimagen.net\/index.php?rest_route=\/wp\/v2\/media\/509024"}],"wp:attachment":[{"href":"https:\/\/www.diarioimagen.net\/index.php?rest_route=%2Fwp%2Fv2%2Fmedia&parent=508899"}],"wp:term":[{"taxonomy":"category","embeddable":true,"href":"https:\/\/www.diarioimagen.net\/index.php?rest_route=%2Fwp%2Fv2%2Fcategories&post=508899"},{"taxonomy":"post_tag","embeddable":true,"href":"https:\/\/www.diarioimagen.net\/index.php?rest_route=%2Fwp%2Fv2%2Ftags&post=508899"}],"curies":[{"name":"wp","href":"https:\/\/api.w.org\/{rel}","templated":true}]}}