{"id":508907,"date":"2021-06-01T00:03:37","date_gmt":"2021-06-01T05:03:37","guid":{"rendered":"https:\/\/www.diarioimagen.net\/?p=508907"},"modified":"2021-06-01T06:10:14","modified_gmt":"2021-06-01T11:10:14","slug":"colonos-de-naucalpan-reciben-a-la-candidata-a-la-presidencia-municipal-patricia-duran","status":"publish","type":"post","link":"https:\/\/www.diarioimagen.net\/?p=508907","title":{"rendered":"Colonos de Naucalpan reciben a la candidata a la presidencia municipal, Patricia Dur\u00e1n"},"content":{"rendered":"<p>&nbsp;<\/p>\n<div id=\"attachment_509020\" style=\"width: 470px\" class=\"wp-caption aligncenter\"><a href=\"https:\/\/www.diarioimagen.net\/?attachment_id=509020\" rel=\"attachment wp-att-509020\"><img loading=\"lazy\" decoding=\"async\" aria-describedby=\"caption-attachment-509020\" class=\"size-full wp-image-509020\" src=\"https:\/\/www.diarioimagen.net\/wp-content\/uploads\/2021\/06\/naucalpan.jpg\" alt=\"\" width=\"460\" height=\"270\" \/><\/a><p id=\"caption-attachment-509020\" class=\"wp-caption-text\">Romina Contreras se comprometi\u00f3 a no defraudar la confianza de la ciudadan\u00eda que ha visto a su proyecto pol\u00edtico como el mejor para que haya continuidad en Huixquilucan.<\/p><\/div>\n<p>&nbsp;<\/p>\n<p><strong>Naucalpan, Estado de M\u00e9xico<\/strong><strong>.\u2013<\/strong> La candidata a presidenta municipal, Paty Dur\u00e1n, visit\u00f3 a los colonos de los Cuartos en este municipio, quien fue convocada por la l\u00edder social C. Marisela Hern\u00e1ndez Inocente, quien dirigi\u00f3 unas palabras a la candidata destac\u00e1ndo a una mujer comprometida con las comunidades de todo Naucalpan. Por lo que, dijo, \u201cEstoy segura de que este 6 de junio refrendaremos el triunfo a la coalici\u00f3n Juntos Haremos Historia\u201d.<\/p>\n","protected":false},"excerpt":{"rendered":"<p>La candidata a presidenta municipal, Paty Dur\u00e1n, visit\u00f3 a los colonos de los Cuartos en este municipio, quien fue convocada por la l\u00edder social C. Marisela Hern\u00e1ndez Inocente, quien dirigi\u00f3 unas palabras a la candidata destac\u00e1ndo a una mujer comprometida con las comunidades de todo Naucalpan. Por lo que, dijo, \u201cEstoy segura de que este 6 de junio refrendaremos el triunfo a la coalici\u00f3n Juntos Haremos Historia\u201d.<\/p>\n","protected":false},"author":3,"featured_media":509020,"comment_status":"open","ping_status":"open","sticky":false,"template":"","format":"standard","meta":{"_monsterinsights_skip_tracking":false,"_monsterinsights_sitenote_active":false,"_monsterinsights_sitenote_note":"","_monsterinsights_sitenote_category":0,"footnotes":""},"categories":[5],"tags":[43675,970,93073],"class_list":["post-508907","post","type-post","status-publish","format-standard","has-post-thumbnail","hentry","category-estado-de-mexico","tag-estado-de-mexico","tag-naucalpan","tag-patria-duran"],"_links":{"self":[{"href":"https:\/\/www.diarioimagen.net\/index.php?rest_route=\/wp\/v2\/posts\/508907","targetHints":{"allow":["GET"]}}],"collection":[{"href":"https:\/\/www.diarioimagen.net\/index.php?rest_route=\/wp\/v2\/posts"}],"about":[{"href":"https:\/\/www.diarioimagen.net\/index.php?rest_route=\/wp\/v2\/types\/post"}],"author":[{"embeddable":true,"href":"https:\/\/www.diarioimagen.net\/index.php?rest_route=\/wp\/v2\/users\/3"}],"replies":[{"embeddable":true,"href":"https:\/\/www.diarioimagen.net\/index.php?rest_route=%2Fwp%2Fv2%2Fcomments&post=508907"}],"version-history":[{"count":0,"href":"https:\/\/www.diarioimagen.net\/index.php?rest_route=\/wp\/v2\/posts\/508907\/revisions"}],"wp:featuredmedia":[{"embeddable":true,"href":"https:\/\/www.diarioimagen.net\/index.php?rest_route=\/wp\/v2\/media\/509020"}],"wp:attachment":[{"href":"https:\/\/www.diarioimagen.net\/index.php?rest_route=%2Fwp%2Fv2%2Fmedia&parent=508907"}],"wp:term":[{"taxonomy":"category","embeddable":true,"href":"https:\/\/www.diarioimagen.net\/index.php?rest_route=%2Fwp%2Fv2%2Fcategories&post=508907"},{"taxonomy":"post_tag","embeddable":true,"href":"https:\/\/www.diarioimagen.net\/index.php?rest_route=%2Fwp%2Fv2%2Ftags&post=508907"}],"curies":[{"name":"wp","href":"https:\/\/api.w.org\/{rel}","templated":true}]}}