{"id":508915,"date":"2021-06-01T00:05:28","date_gmt":"2021-06-01T05:05:28","guid":{"rendered":"https:\/\/www.diarioimagen.net\/?p=508915"},"modified":"2021-06-02T01:37:18","modified_gmt":"2021-06-02T06:37:18","slug":"extiende-edomex-al-30-de-junio-plazo-para-pago-de-tenencia-y-reemplacamiento","status":"publish","type":"post","link":"https:\/\/www.diarioimagen.net\/?p=508915","title":{"rendered":"Extiende Edom\u00e9x al 30 de junio plazo para pago\u00a0 de tenencia y reemplacamiento"},"content":{"rendered":"<p>&nbsp;<\/p>\n<ul>\n<li><strong><em>Subsidio de 100% s\u00f3lo si est\u00e1n al corriente<\/em><\/strong><\/li>\n<\/ul>\n<p>&nbsp;<\/p>\n<div id=\"attachment_509015\" style=\"width: 470px\" class=\"wp-caption aligncenter\"><a href=\"https:\/\/www.diarioimagen.net\/?attachment_id=509015\" rel=\"attachment wp-att-509015\"><img loading=\"lazy\" decoding=\"async\" aria-describedby=\"caption-attachment-509015\" class=\"size-full wp-image-509015\" src=\"https:\/\/www.diarioimagen.net\/wp-content\/uploads\/2021\/06\/EDOMEX1.jpg\" alt=\"\" width=\"460\" height=\"270\" \/><\/a><p id=\"caption-attachment-509015\" class=\"wp-caption-text\">Autoridades del Edomex informan que se ampl\u00eda al 30 de junio el plazo para cumplir con el pago de Impuesto Sobre Tenencia y Reemplacamiento.<\/p><\/div>\n<p>&nbsp;<\/p>\n<p><strong>Toluca, Estado de M\u00e9xico.- <\/strong>El gobierno del Estado de M\u00e9xico, a trav\u00e9s de la Secretar\u00eda de Finanzas, informa que se ampl\u00eda el plazo para cumplir con el pago de Impuesto Sobre Tenencia y Reemplacamiento hasta el 30 de junio.<\/p>\n<p>Ser\u00e1 hasta el 30 de junio la fecha l\u00edmite para que los propietarios de veh\u00edculos realicen el pago de Refrendo y acceder al subsidio de 100 por ciento de Tenencia o Uso de Veh\u00edculos, as\u00ed como el 50 por ciento en la renovaci\u00f3n de placas de circulaci\u00f3n expedidas en el 2016 y que no tengan adeudos de tenencia y refrendo de a\u00f1os anteriores.<\/p>\n<p>Adem\u00e1s, contin\u00faa la condonaci\u00f3n de los adeudos causados en los ejercicios fiscales 2018 y anteriores, as\u00ed como las multas y recargos al ponerse al corriente en sus pagos.<\/p>\n<p>Para mayor informaci\u00f3n, los interesados podr\u00e1n visitar los sitios web reemplacamiento.edomex.gob.mx y tenencia.edomex.gob.mx, adem\u00e1s de las redes sociales, Facebook en Atenci\u00f3n al Contribuyente Edom\u00e9x, y en Twitter @ContribuyenteEM.<\/p>\n","protected":false},"excerpt":{"rendered":"<p>El gobierno del Estado de M\u00e9xico, a trav\u00e9s de la Secretar\u00eda de Finanzas, informa que se ampl\u00eda el plazo para cumplir con el pago de Impuesto Sobre Tenencia y Reemplacamiento hasta el 30 de junio.<\/p>\n","protected":false},"author":3,"featured_media":509015,"comment_status":"open","ping_status":"open","sticky":false,"template":"","format":"standard","meta":{"_monsterinsights_skip_tracking":false,"_monsterinsights_sitenote_active":false,"_monsterinsights_sitenote_note":"","_monsterinsights_sitenote_category":0,"footnotes":""},"categories":[5],"tags":[64334,43675,18874,65827,93076,69,452],"class_list":["post-508915","post","type-post","status-publish","format-standard","has-post-thumbnail","hentry","category-estado-de-mexico","tag-amplia","tag-estado-de-mexico","tag-pago","tag-plazo","tag-reemplacamiento","tag-tenencia","tag-toluca"],"_links":{"self":[{"href":"https:\/\/www.diarioimagen.net\/index.php?rest_route=\/wp\/v2\/posts\/508915","targetHints":{"allow":["GET"]}}],"collection":[{"href":"https:\/\/www.diarioimagen.net\/index.php?rest_route=\/wp\/v2\/posts"}],"about":[{"href":"https:\/\/www.diarioimagen.net\/index.php?rest_route=\/wp\/v2\/types\/post"}],"author":[{"embeddable":true,"href":"https:\/\/www.diarioimagen.net\/index.php?rest_route=\/wp\/v2\/users\/3"}],"replies":[{"embeddable":true,"href":"https:\/\/www.diarioimagen.net\/index.php?rest_route=%2Fwp%2Fv2%2Fcomments&post=508915"}],"version-history":[{"count":0,"href":"https:\/\/www.diarioimagen.net\/index.php?rest_route=\/wp\/v2\/posts\/508915\/revisions"}],"wp:featuredmedia":[{"embeddable":true,"href":"https:\/\/www.diarioimagen.net\/index.php?rest_route=\/wp\/v2\/media\/509015"}],"wp:attachment":[{"href":"https:\/\/www.diarioimagen.net\/index.php?rest_route=%2Fwp%2Fv2%2Fmedia&parent=508915"}],"wp:term":[{"taxonomy":"category","embeddable":true,"href":"https:\/\/www.diarioimagen.net\/index.php?rest_route=%2Fwp%2Fv2%2Fcategories&post=508915"},{"taxonomy":"post_tag","embeddable":true,"href":"https:\/\/www.diarioimagen.net\/index.php?rest_route=%2Fwp%2Fv2%2Ftags&post=508915"}],"curies":[{"name":"wp","href":"https:\/\/api.w.org\/{rel}","templated":true}]}}