{"id":508945,"date":"2021-06-01T00:03:11","date_gmt":"2021-06-01T05:03:11","guid":{"rendered":"https:\/\/www.diarioimagen.net\/?p=508945"},"modified":"2021-06-01T05:10:12","modified_gmt":"2021-06-01T10:10:12","slug":"ciudadania-a-votar","status":"publish","type":"post","link":"https:\/\/www.diarioimagen.net\/?p=508945","title":{"rendered":"Ciudadan\u00eda, a votar"},"content":{"rendered":"<h2>Espacio Electoral<\/h2>\n<h5>Eleazar Flores<\/h5>\n<p>&nbsp;<\/p>\n<p><strong>LUEGO NO SE ARREPIENTA-.<\/strong> Casi enajenados por el bombardeo ret\u00f3rico y publicitario, corriente y poco creativo en ambos campos, hay una buena, estamos a 48 horas de que terminen las campa\u00f1as pol\u00edticas.<\/p>\n<p>Se transmitieron 41.5 millones de spots en radio y televisi\u00f3n, por lo que como recompensa acuda a votar este domingo por partidos o candidatos(as) que quiera, pero ejerza su derecho y cumpla su obligaci\u00f3n, para que sigamos por la misma ruta o haya cambio de direccional, usted decide, aunque lo dude.<\/p>\n<p>IGLESIA-. Sea creyente o ap\u00f3stata tendr\u00e1 que aceptar que en un pa\u00eds entre un 85 y 90 por ciento de cat\u00f3licos, la Iglesia tiene su peso por lo que lo escrito y posteriormente difundido en el discutido semanario <em>Desde la Fe<\/em>, seguramente lo tomar\u00e1n en cuenta, hasta para atacar algunos pol\u00edticos.<\/p>\n<p>El semanario invita a \u201cvotar y dejar a un lado a quienes no han cumplido compromisos de servir\u201d, invita a \u201cser responsables y ejercer el voto m\u00e1s all\u00e1 de personas iluminadas y tramposas\u201d. Advierte que es momento para ejercer el juicio ciudadano por medio del desempe\u00f1o de distintos gobernantes\u201d.<\/p>\n<p>Puntualiza que el voto debe ser libre, secreto pero tambi\u00e9n razonado, a trav\u00e9s del discernimiento.<\/p>\n<p>Por lo claro del documento escrito con efecto multiplicador en homil\u00edas de los oficios religiosos, pensar\u00e1 usted que tiene dedicatoria, pero recuerde que si bien el gobierno federal y su Congreso cuentan con una fuerte estructura, la \u201cindirecta\u201d podr\u00eda llegar a gobiernos estatales e incluso municipales que seguramente tienen deudas en esto.<\/p>\n<p><em>Desde la Fe<\/em> da mucho de qu\u00e9 hablar y seguramente\u00a0 desde el p\u00falpito ma\u00f1anero salen reacciones de toda \u00edndole, como aquella que se tilda de \u201cpasqu\u00edn\u201d a uno de los medios brit\u00e1nicos de mayor prestigio.<\/p>\n<p><strong>ATIZAN-.<\/strong> Si bien la Iglesia tiene su peso, tambi\u00e9n lo tienen pol\u00edticos, l\u00edderes de opini\u00f3n y dirigentes del sector privado y organizaciones sociales, que aprovechando el tiempo antes de la veda, externaron sus puntos de vista con la claridad que les caracteriza.<\/p>\n<p>\u201cVoten por cualquiera menos por Morena por antidemocr\u00e1tico, pidi\u00f3 el demandante presidencial Diego Fern\u00e1ndez de Ceballos.<\/p>\n<p>Por su parte, Claudio X Gonz\u00e1lez de la organizaci\u00f3n S\u00ed por M\u00e9xico, asistente al cierre de campa\u00f1a de la candidata a diputada federal Margarita Zavala, pidi\u00f3 \u201csalir a votar para mandar al carajo a Morena\u201d, siendo esta la forma de \u201cenfrentar a un mal gobierno por medio del voto\u201d.<\/p>\n<p>Gobierno generador de cinco crisis, la econ\u00f3mica por haber ca\u00eddo tan bajo, la de salud por tantas vidas perdidas por la pandemia, la de inseguridad por v\u00edctimas de la delincuencia, adem\u00e1s de la educativa y la social.<\/p>\n<p>En sus 5 minutos de soledad, vote libre.<\/p>\n<p><em><a href=\"mailto:elefa44@gmail.com\" target=\"_blank\" rel=\"noopener noreferrer\">elefa44@gmail.com<\/a><\/em><\/p>\n","protected":false},"excerpt":{"rendered":"<p><span style=\"color: #005497;\"><strong>Eleazar Flores<\/strong><\/span><\/p>\n","protected":false},"author":3,"featured_media":0,"comment_status":"open","ping_status":"open","sticky":false,"template":"","format":"standard","meta":{"_monsterinsights_skip_tracking":false,"_monsterinsights_sitenote_active":false,"_monsterinsights_sitenote_note":"","_monsterinsights_sitenote_category":0,"footnotes":""},"categories":[81743],"tags":[81744,81776,43674],"class_list":["post-508945","post","type-post","status-publish","format-standard","hentry","category-eleazar-flores","tag-eleazar-flores","tag-espacio-electoral","tag-opinion"],"_links":{"self":[{"href":"https:\/\/www.diarioimagen.net\/index.php?rest_route=\/wp\/v2\/posts\/508945","targetHints":{"allow":["GET"]}}],"collection":[{"href":"https:\/\/www.diarioimagen.net\/index.php?rest_route=\/wp\/v2\/posts"}],"about":[{"href":"https:\/\/www.diarioimagen.net\/index.php?rest_route=\/wp\/v2\/types\/post"}],"author":[{"embeddable":true,"href":"https:\/\/www.diarioimagen.net\/index.php?rest_route=\/wp\/v2\/users\/3"}],"replies":[{"embeddable":true,"href":"https:\/\/www.diarioimagen.net\/index.php?rest_route=%2Fwp%2Fv2%2Fcomments&post=508945"}],"version-history":[{"count":0,"href":"https:\/\/www.diarioimagen.net\/index.php?rest_route=\/wp\/v2\/posts\/508945\/revisions"}],"wp:attachment":[{"href":"https:\/\/www.diarioimagen.net\/index.php?rest_route=%2Fwp%2Fv2%2Fmedia&parent=508945"}],"wp:term":[{"taxonomy":"category","embeddable":true,"href":"https:\/\/www.diarioimagen.net\/index.php?rest_route=%2Fwp%2Fv2%2Fcategories&post=508945"},{"taxonomy":"post_tag","embeddable":true,"href":"https:\/\/www.diarioimagen.net\/index.php?rest_route=%2Fwp%2Fv2%2Ftags&post=508945"}],"curies":[{"name":"wp","href":"https:\/\/api.w.org\/{rel}","templated":true}]}}