{"id":508951,"date":"2021-06-01T00:06:45","date_gmt":"2021-06-01T05:06:45","guid":{"rendered":"https:\/\/www.diarioimagen.net\/?p=508951"},"modified":"2021-06-01T05:18:10","modified_gmt":"2021-06-01T10:18:10","slug":"la-violencia-en-las-boletas","status":"publish","type":"post","link":"https:\/\/www.diarioimagen.net\/?p=508951","title":{"rendered":"La violencia en las boletas"},"content":{"rendered":"<h2>As\u00ed las cosas&#8230;<\/h2>\n<h5>Humberto Mares N.<\/h5>\n<p>&nbsp;<\/p>\n<p>La violencia se hace presente en las elecciones de manera importante, pero que resulta inaceptable. Las balas, las amenazas, los secuestros se hacen presentes en el proceso electoral. Hemos dado cuenta de atentados violentos en 27 estados del pa\u00eds, seg\u00fan las notas publicadas.<\/p>\n<p>Las noticias de la nota roja est\u00e1n todos los d\u00edas en las p\u00e1ginas de la secci\u00f3n pol\u00edtica. Los estados m\u00e1s violentos son Veracruz, primer lugar con 24 ataques, seguido de Oaxaca con 19; Guanajuato, 14; Guerrero, 13; Jalisco, 13 y Baja California, 11.<\/p>\n<p>En contraste, Durango, Nayarit, Aguascalientes, Quer\u00e9taro y Campeche no registraron ataques de violencia pol\u00edtica hasta el mes pasado, seg\u00fan informes publicados.<\/p>\n<p>Las \u00faltimas cifras dadas a conocer por la Asociaci\u00f3n Nacional de Alcaldes se\u00f1ala que 282 fueron atacados en campa\u00f1a o fueron amenazados, agredidos y 89 personas fueron ejecutadas; 18 de ellos aspiraban a un cargo de elecci\u00f3n, en 205 municipios del pa\u00eds. No es una cifra peque\u00f1a, es preocupante.<\/p>\n<p>El presidente Andr\u00e9s L\u00f3pez Obrador tiene raz\u00f3n cuando dice que se trata de acciones que buscan generar miedos e inhibir la votaci\u00f3n. \u201cHay circunstancias especiales como ahora que hay una elecci\u00f3n se trata de una contienda pol\u00edtica, hay intereses y tambi\u00e9n medios de informaci\u00f3n no todos, que tienen el af\u00e1n de enrarecer el ambiente. Antes le llamaban sensacionalismo ahora es amarillismo, entonces la nota roja adquiere un papel relevante\u201d<\/p>\n<p>El presidente AMLO reconoce que hay una polarizaci\u00f3n del ambiente, pero asegura que es normal, es por la temporada.<\/p>\n<p>Ah\u00ed es donde no tiene raz\u00f3n el mandatario. Siempre, no s\u00f3lo en M\u00e9xico, sino en cualquier lugar del mundo, la temporada de elecciones levanta pasiones, pero nunca en nuestro pa\u00eds hab\u00edamos vivido esta violencia y, sobre todo, asesinatos de candidatos y pol\u00edticos, como lo estamos viendo a diario en esta \u00e9poca. Incre\u00edble.<\/p>\n<p>Amanecimos el d\u00eda de ayer con invitaciones de organizaciones civiles, y aut\u00f3nomas del gobierno, para que a pesar de la violencia vallemos a votar el pr\u00f3ximo domingo. Desplegados publicados en diarios de la Ciudad de M\u00e9xico titulados \u201cPorfirio Defensor de M\u00e9xico\u201d y otro \u201cManifiesto por la Rep\u00fablica, la democracia y las libertades\u201d, as\u00ed como llamados del presidente del INE, Lorenzo C\u00f3rdova, tambi\u00e9n el clero a trav\u00e9s de su semanario \u201cDesde la Fe\u201d nos invitan a votar y vencer el abstencionismo.<\/p>\n<p>El ir a votar es la \u00fanica forma estimado lector de hacer algo y cumplir con el compromiso ciudadano de ejercer nuestro derecho de opinar y decidir que queremos para nuestro pa\u00eds, a trav\u00e9s del voto. No nos dejemos intimidar por la violencia, vayamos a votar.<\/p>\n<p>M\u00e1s all\u00e1 de los llamados de organizaciones, pol\u00edticos, etc. debemos ir a votar, porque como se\u00f1alan varios de los desplegados publicados, si no participas, no puedes exigir.<\/p>\n<p>Bien dice Lorenzo C\u00f3rdova, la respuesta masiva y pac\u00edfica contra la violencia y barbarie de los mexicanos debe ser la participaci\u00f3n en las elecciones. El crimen quiere el ausentismo, que los ciudadanos no vayamos a votar. Hay que derrotarlos, vamos a votar.<\/p>\n<p>Dentro de la vida pol\u00edtica y admirativa del pa\u00eds se encuentra la intenci\u00f3n de desaparecer las instituciones aut\u00f3nomas, que es un logro inmenso de nuestro sistema pol\u00edtico, producto de luchas hist\u00f3ricas.<\/p>\n<p>Existe la intenci\u00f3n y amenaza del actual gobierno de acabar con ellos para centralizar todo en el gobierno, como era antes. Esto es un enorme paso hacia atr\u00e1s.<\/p>\n<p>En ese entendido, el diputado federal, Porfirio Mu\u00f1oz Ledo, apoyado de su colega de lucha Ifigenia Mart\u00ednez, hoy senadora de la rep\u00fablica y un poco de lejos porque no lo quiere hacer muy p\u00fablico, el ingeniero Cuauht\u00e9moc C\u00e1rdenas, han emprendido una lucha por la defensa de las instituciones aut\u00f3nomas constitucionalmente creadas, por el respeto a la divisi\u00f3n de poderes, sobre todo al Poder Judicial, y el respeto al sistema federal y municipal que define nuestro sistema republicano desde 1824.<\/p>\n<p>Es decir este grupo de mexicanos experimentados emprendi\u00f3 una cruzada por la legalidad y el respeto a la constituci\u00f3n, a nuestras leyes.<\/p>\n<p>Esta empresa iniciada por este grupo de viejos \u201clobos de mar\u201d de la pol\u00edtica nacional es un aliciente para quienes creemos en la legalidad y queremos un pa\u00eds de leyes y respeto a las layes.<\/p>\n<p>El diputado Mu\u00f1oz Ledo iniciar\u00e1 sus acciones despu\u00e9s del proceso electoral y creo que ir\u00e1 con todo, dado que su partido no lo tom\u00f3 en cuenta para que buscara su reelecci\u00f3n y que estoy seguro que ir\u00e1 por la revancha. As\u00ed las Cosas, hasta pronto, la emergencia sigue, no baje la guardia.<\/p>\n<p><a href=\"mailto:hmares21@gmail.com\" target=\"_blank\" rel=\"noopener noreferrer\"><em>mares21@gmail.com<\/em><\/a><\/p>\n","protected":false},"excerpt":{"rendered":"<p><span style=\"color: #005497;\"><strong>Humberto Mares N.<\/strong><\/span><\/p>\n","protected":false},"author":3,"featured_media":0,"comment_status":"open","ping_status":"open","sticky":false,"template":"","format":"standard","meta":{"_monsterinsights_skip_tracking":false,"_monsterinsights_sitenote_active":false,"_monsterinsights_sitenote_note":"","_monsterinsights_sitenote_category":0,"footnotes":""},"categories":[15043],"tags":[92044,92045,43674],"class_list":["post-508951","post","type-post","status-publish","format-standard","hentry","category-humberto-mares-n","tag-asi-las-cosas","tag-humberto-mares-n","tag-opinion"],"_links":{"self":[{"href":"https:\/\/www.diarioimagen.net\/index.php?rest_route=\/wp\/v2\/posts\/508951","targetHints":{"allow":["GET"]}}],"collection":[{"href":"https:\/\/www.diarioimagen.net\/index.php?rest_route=\/wp\/v2\/posts"}],"about":[{"href":"https:\/\/www.diarioimagen.net\/index.php?rest_route=\/wp\/v2\/types\/post"}],"author":[{"embeddable":true,"href":"https:\/\/www.diarioimagen.net\/index.php?rest_route=\/wp\/v2\/users\/3"}],"replies":[{"embeddable":true,"href":"https:\/\/www.diarioimagen.net\/index.php?rest_route=%2Fwp%2Fv2%2Fcomments&post=508951"}],"version-history":[{"count":0,"href":"https:\/\/www.diarioimagen.net\/index.php?rest_route=\/wp\/v2\/posts\/508951\/revisions"}],"wp:attachment":[{"href":"https:\/\/www.diarioimagen.net\/index.php?rest_route=%2Fwp%2Fv2%2Fmedia&parent=508951"}],"wp:term":[{"taxonomy":"category","embeddable":true,"href":"https:\/\/www.diarioimagen.net\/index.php?rest_route=%2Fwp%2Fv2%2Fcategories&post=508951"},{"taxonomy":"post_tag","embeddable":true,"href":"https:\/\/www.diarioimagen.net\/index.php?rest_route=%2Fwp%2Fv2%2Ftags&post=508951"}],"curies":[{"name":"wp","href":"https:\/\/api.w.org\/{rel}","templated":true}]}}