{"id":509053,"date":"2021-06-02T00:07:18","date_gmt":"2021-06-02T05:07:18","guid":{"rendered":"https:\/\/www.diarioimagen.net\/?p=509053"},"modified":"2021-06-03T00:33:56","modified_gmt":"2021-06-03T05:33:56","slug":"trabajadores-sindicalizados-fundamentales-para-fortalecer-el-dialogo-universitario-carlos-eduardo-barrera-diaz","status":"publish","type":"post","link":"https:\/\/www.diarioimagen.net\/?p=509053","title":{"rendered":"Trabajadores sindicalizados, fundamentales para fortalecer el di\u00e1logo universitario: Carlos Eduardo Barrera D\u00edaz"},"content":{"rendered":"<p>&nbsp;<\/p>\n<ul>\n<li><strong><em>El rector de la UAEM reconoci\u00f3 la labor de este gremio, integrado por dos mil 296 trabajadores sindicalizados, cuyos logros deben ser revalorados por sus contribuciones a la gobernanza interna y al pensamiento universitario<\/em><\/strong><\/li>\n<\/ul>\n<p>&nbsp;<\/p>\n<div id=\"attachment_509160\" style=\"width: 470px\" class=\"wp-caption aligncenter\"><a href=\"https:\/\/www.diarioimagen.net\/?attachment_id=509160\" rel=\"attachment wp-att-509160\"><img loading=\"lazy\" decoding=\"async\" aria-describedby=\"caption-attachment-509160\" class=\"size-full wp-image-509160\" src=\"https:\/\/www.diarioimagen.net\/wp-content\/uploads\/2021\/06\/Uaem2.jpg\" alt=\"\" width=\"460\" height=\"270\" \/><\/a><p id=\"caption-attachment-509160\" class=\"wp-caption-text\">El rector de la UAEM, Carlos Eduardo Barrera D\u00edaz, reiter\u00f3 su compromiso de fortalecer una instituci\u00f3n con integridad e inclusi\u00f3n de la mano de los dos mil 296 trabajadores sindicalizados<\/p><\/div>\n<p>&nbsp;<\/p>\n<p><strong>Toluca, Estado de M\u00e9xico.\u2013 <\/strong>\u201cEn cada espacio universitario las y los trabajadores sindicalizados se han integrado al debate acad\u00e9mico y ampl\u00edan el di\u00e1logo\u00bb que requiere la Universidad Aut\u00f3noma del Estado de M\u00e9xico (UAEM), sostuvo el rector Carlos Eduardo Barrera D\u00edaz, tras reconocer la labor de este gremio, cuyos logros, dijo, son valorados por sus contribuciones a la gobernanza interna y al pensamiento universitario.<\/p>\n<p>Al encabezar la ceremonia del 43 aniversario del Sindicato \u00danico de Trabajadores y Empleados al Servicio de la Universidad Aut\u00f3noma del Estado de M\u00e9xico (SUTESUAEM), el rector reiter\u00f3 su compromiso de fortalecer una instituci\u00f3n con integridad e inclusi\u00f3n de la mano de los dos mil 296 trabajadores sindicalizados y destac\u00f3 que la UAEM asume la responsabilidad de conservar la convivencia igualitaria y el lugar digno que los trabajadores universitarios han alcanzado.<\/p>\n<p>Acompa\u00f1ado de la secretaria de Administraci\u00f3n de la UAEM, Er\u00e9ndira Fierro Moreno, y antes de llevar a cabo la rifa conmemorativa en la que se entregaron equipos de c\u00f3mputo de escritorio y port\u00e1tiles a trabajadores sindicalizados, el rector reconoci\u00f3 al gremio universitario por dar siempre el primer paso en productividad, congruencia y colaboraci\u00f3n.<\/p>\n<p>En su oportunidad, el secretario general del SUTESUAEM, Pedro Rodr\u00edguez Magallanes, refiri\u00f3 que actualmente la agrupaci\u00f3n se transforma para ser un referente sindical en el pa\u00eds, pues se tiene la claridad que el imperativo actual es la rendici\u00f3n de cuentas y hacer de la transparencia un modelo para profundizar en la democracia interna.<\/p>\n<p>A partir de su constituci\u00f3n legal en 1978 esta agrupaci\u00f3n sindical ha defendido los derechos de sus agremiados y se esfuerza de manera permanente por desempe\u00f1ar un trabajo de calidad, ya que actualmente es uno de los sindicatos administrativos m\u00e1s grandes entre las universidades p\u00fablicas estatales del pa\u00eds, subray\u00f3 Rodr\u00edguez Magallanes.<\/p>\n<p>En presencia de la directora de Recursos Humanos de esta casa de estudios, Martha Olivia Cano Nava, la delegada sindical del Plantel \u201cLic. Adolfo L\u00f3pez Mateos\u201d de la Escuela Preparatoria de la UAEM, Sonia Col\u00edn Garc\u00eda, manifest\u00f3 que en 43 a\u00f1os el SUTESUAEM ha enfrentado grandes retos, entre ellos, la contingencia sanitaria por COVID-19, evento en el que los trabajadores sindicalizados han aportado compromiso y cumplimiento en el desarrollo de todas sus actividades.<\/p>\n","protected":false},"excerpt":{"rendered":"<p>\u201cEn cada espacio universitario las y los trabajadores sindicalizados se han integrado al debate acad\u00e9mico y ampl\u00edan el di\u00e1logo\u00bb que requiere la Universidad Aut\u00f3noma del Estado de M\u00e9xico (UAEM), sostuvo el rector Carlos Eduardo Barrera D\u00edaz, tras reconocer la labor de este gremio, cuyos logros, dijo, son valorados por sus contribuciones a la gobernanza interna y al pensamiento universitario.<\/p>\n","protected":false},"author":3,"featured_media":509160,"comment_status":"open","ping_status":"open","sticky":false,"template":"","format":"standard","meta":{"_monsterinsights_skip_tracking":false,"_monsterinsights_sitenote_active":false,"_monsterinsights_sitenote_note":"","_monsterinsights_sitenote_category":0,"footnotes":""},"categories":[5],"tags":[92667,9862,43675,452],"class_list":["post-509053","post","type-post","status-publish","format-standard","has-post-thumbnail","hentry","category-estado-de-mexico","tag-carlos-eduardo-barrera-diaz","tag-dialogo","tag-estado-de-mexico","tag-toluca"],"_links":{"self":[{"href":"https:\/\/www.diarioimagen.net\/index.php?rest_route=\/wp\/v2\/posts\/509053","targetHints":{"allow":["GET"]}}],"collection":[{"href":"https:\/\/www.diarioimagen.net\/index.php?rest_route=\/wp\/v2\/posts"}],"about":[{"href":"https:\/\/www.diarioimagen.net\/index.php?rest_route=\/wp\/v2\/types\/post"}],"author":[{"embeddable":true,"href":"https:\/\/www.diarioimagen.net\/index.php?rest_route=\/wp\/v2\/users\/3"}],"replies":[{"embeddable":true,"href":"https:\/\/www.diarioimagen.net\/index.php?rest_route=%2Fwp%2Fv2%2Fcomments&post=509053"}],"version-history":[{"count":0,"href":"https:\/\/www.diarioimagen.net\/index.php?rest_route=\/wp\/v2\/posts\/509053\/revisions"}],"wp:featuredmedia":[{"embeddable":true,"href":"https:\/\/www.diarioimagen.net\/index.php?rest_route=\/wp\/v2\/media\/509160"}],"wp:attachment":[{"href":"https:\/\/www.diarioimagen.net\/index.php?rest_route=%2Fwp%2Fv2%2Fmedia&parent=509053"}],"wp:term":[{"taxonomy":"category","embeddable":true,"href":"https:\/\/www.diarioimagen.net\/index.php?rest_route=%2Fwp%2Fv2%2Fcategories&post=509053"},{"taxonomy":"post_tag","embeddable":true,"href":"https:\/\/www.diarioimagen.net\/index.php?rest_route=%2Fwp%2Fv2%2Ftags&post=509053"}],"curies":[{"name":"wp","href":"https:\/\/api.w.org\/{rel}","templated":true}]}}