{"id":509065,"date":"2021-06-02T00:03:15","date_gmt":"2021-06-02T05:03:15","guid":{"rendered":"https:\/\/www.diarioimagen.net\/?p=509065"},"modified":"2021-06-02T05:27:35","modified_gmt":"2021-06-02T10:27:35","slug":"juventudes-morenistas-de-cuautitlan-se-suman-a-la-candidata-karla-fiesco","status":"publish","type":"post","link":"https:\/\/www.diarioimagen.net\/?p=509065","title":{"rendered":"Juventudes morenistas de Cuautitl\u00e1n se suman a la candidata Karla Fiesco"},"content":{"rendered":"<p>&nbsp;<\/p>\n<ul>\n<li><strong><em>Abanderada de Va por el Estado de M\u00e9xico<\/em><\/strong><\/li>\n<\/ul>\n<p>&nbsp;<\/p>\n<div id=\"attachment_509175\" style=\"width: 470px\" class=\"wp-caption aligncenter\"><a href=\"https:\/\/www.diarioimagen.net\/?attachment_id=509175\" rel=\"attachment wp-att-509175\"><img loading=\"lazy\" decoding=\"async\" aria-describedby=\"caption-attachment-509175\" class=\"size-full wp-image-509175\" src=\"https:\/\/www.diarioimagen.net\/wp-content\/uploads\/2021\/06\/cuautitlan.jpg\" alt=\"\" width=\"460\" height=\"270\" \/><\/a><p id=\"caption-attachment-509175\" class=\"wp-caption-text\">Karla Fiesco se\u00f1al\u00f3 que una vez que sea electa, el sector m\u00e1s joven tendr\u00e1 una participaci\u00f3n activa y constante.<\/p><\/div>\n<p>&nbsp;<\/p>\n<p><strong>Cuautitl\u00e1n, Estado de M\u00e9xico<\/strong>.- La candidata a la presidencia de Cuautitl\u00e1n Izcalli, Karla Fiesco, celebr\u00f3 una reuni\u00f3n de trabajo con j\u00f3venes militantes del partido Morena, quienes se colocaron la camiseta de la coalici\u00f3n Va por el Estado de M\u00e9xico y anunciaron que han tomado la determinaci\u00f3n de apoyarla el pr\u00f3ximo 6 de junio porque encuentran en ella una representante con principios y valores pol\u00edticos que es lo que necesita el municipio.<\/p>\n<p>Por videoconferencia, la candidata anunci\u00f3 que ser\u00e1 una presidenta que apoyar\u00e1 a los j\u00f3venes, ya que su plan de gobierno contempla \u201cacciones y programas que les permitir\u00e1n un crecimiento personal, social y laboral\u201d<\/p>\n<p>Karla Fiesco indic\u00f3 que su gobierno tiene la mirada y el coraz\u00f3n puesto en la juventud, y advirti\u00f3 que una vez que sea electa, el sector m\u00e1s joven tendr\u00e1 una participaci\u00f3n activa y constante, ya que reconoci\u00f3 necesitar de su talento, visi\u00f3n, creatividad y pasi\u00f3n por cambiar a Izcalli.<\/p>\n<p>La aspirante reiter\u00f3 que su gobierno contempla la implementaci\u00f3n de la plataforma \u201cContigo\u201d, un espacio digital donde los j\u00f3venes encontrar\u00e1n atenci\u00f3n psicol\u00f3gica y acad\u00e9mica. De igual manera, recalc\u00f3 que durante su gesti\u00f3n se fomentar\u00e1 el apoyo al deporte juvenil mediante la construcci\u00f3n de albercas ol\u00edmpicas y del programa Talento Izcalli, el cual reconocer\u00e1 tambi\u00e9n a los j\u00f3venes con becas de titulaci\u00f3n.<\/p>\n<p>Los l\u00edderes juveniles, quienes tambi\u00e9n son fundadores del partido Morena en Izcalli y colaboran con la Organizaci\u00f3n de los Estados Americanos (OEA), mencionaron que ven en Karla Fiesco a una mujer comprometida con erradicar la inseguridad y la violencia por la que atraviesa la demarcaci\u00f3n. De igual forma, reconocen y admiran la congruencia de su agenda pol\u00edtica en favor de las mujeres desde que ella era legisladora, por lo que aseguran fortalecer\u00e1n su candidatura.<\/p>\n<p>Al cerrar su intervenci\u00f3n, la candidata enfatiz\u00f3 a los j\u00f3venes que con su apoyo ella lograr\u00e1 el triunfo el pr\u00f3ximo 6 de junio, y asegur\u00f3 que juntos construir\u00e1n el Izcalli que todas y todos merecemos.<\/p>\n","protected":false},"excerpt":{"rendered":"<p>La candidata a la presidencia de Cuautitl\u00e1n Izcalli, Karla Fiesco, celebr\u00f3 una reuni\u00f3n de trabajo con j\u00f3venes militantes del partido Morena, quienes se colocaron la camiseta de la coalici\u00f3n Va por el Estado de M\u00e9xico y anunciaron que han tomado la determinaci\u00f3n de apoyarla el pr\u00f3ximo 6 de junio porque encuentran en ella una representante con principios y valores pol\u00edticos que es lo que necesita el municipio.<\/p>\n","protected":false},"author":3,"featured_media":509175,"comment_status":"open","ping_status":"open","sticky":false,"template":"","format":"standard","meta":{"_monsterinsights_skip_tracking":false,"_monsterinsights_sitenote_active":false,"_monsterinsights_sitenote_note":"","_monsterinsights_sitenote_category":0,"footnotes":""},"categories":[5],"tags":[22551,681,43675,93084],"class_list":["post-509065","post","type-post","status-publish","format-standard","has-post-thumbnail","hentry","category-estado-de-mexico","tag-candidata","tag-cuautitlan","tag-estado-de-mexico","tag-karla-fiesgo"],"_links":{"self":[{"href":"https:\/\/www.diarioimagen.net\/index.php?rest_route=\/wp\/v2\/posts\/509065","targetHints":{"allow":["GET"]}}],"collection":[{"href":"https:\/\/www.diarioimagen.net\/index.php?rest_route=\/wp\/v2\/posts"}],"about":[{"href":"https:\/\/www.diarioimagen.net\/index.php?rest_route=\/wp\/v2\/types\/post"}],"author":[{"embeddable":true,"href":"https:\/\/www.diarioimagen.net\/index.php?rest_route=\/wp\/v2\/users\/3"}],"replies":[{"embeddable":true,"href":"https:\/\/www.diarioimagen.net\/index.php?rest_route=%2Fwp%2Fv2%2Fcomments&post=509065"}],"version-history":[{"count":0,"href":"https:\/\/www.diarioimagen.net\/index.php?rest_route=\/wp\/v2\/posts\/509065\/revisions"}],"wp:featuredmedia":[{"embeddable":true,"href":"https:\/\/www.diarioimagen.net\/index.php?rest_route=\/wp\/v2\/media\/509175"}],"wp:attachment":[{"href":"https:\/\/www.diarioimagen.net\/index.php?rest_route=%2Fwp%2Fv2%2Fmedia&parent=509065"}],"wp:term":[{"taxonomy":"category","embeddable":true,"href":"https:\/\/www.diarioimagen.net\/index.php?rest_route=%2Fwp%2Fv2%2Fcategories&post=509065"},{"taxonomy":"post_tag","embeddable":true,"href":"https:\/\/www.diarioimagen.net\/index.php?rest_route=%2Fwp%2Fv2%2Ftags&post=509065"}],"curies":[{"name":"wp","href":"https:\/\/api.w.org\/{rel}","templated":true}]}}