{"id":509074,"date":"2021-06-02T00:06:47","date_gmt":"2021-06-02T05:06:47","guid":{"rendered":"https:\/\/www.diarioimagen.net\/?p=509074"},"modified":"2021-06-03T04:53:16","modified_gmt":"2021-06-03T09:53:16","slug":"inicia-este-miercoles-en-el-estado-de-mexico-vacunacion-para-personas-de-40-a-49-anos","status":"publish","type":"post","link":"https:\/\/www.diarioimagen.net\/?p=509074","title":{"rendered":"Inicia este mi\u00e9rcoles en el Estado de M\u00e9xico vacunaci\u00f3n para personas de 40 a 49 a\u00f1os"},"content":{"rendered":"<p>&nbsp;<\/p>\n<h3 style=\"text-align: center;\">Arranca en Lerma y San Mateo Atenco<\/h3>\n<p>&nbsp;<\/p>\n<ul>\n<li><em><strong>Confirman que en el estado se han aplicado 4 millones 200 mil dosis contra Covid-19<\/strong><\/em><\/li>\n<\/ul>\n<p>&nbsp;<\/p>\n<div id=\"attachment_509183\" style=\"width: 470px\" class=\"wp-caption aligncenter\"><a href=\"https:\/\/www.diarioimagen.net\/?attachment_id=509183\" rel=\"attachment wp-att-509183\"><img loading=\"lazy\" decoding=\"async\" aria-describedby=\"caption-attachment-509183\" class=\"size-full wp-image-509183\" src=\"https:\/\/www.diarioimagen.net\/wp-content\/uploads\/2021\/06\/DEL-MAZO-1.jpg\" alt=\"\" width=\"460\" height=\"270\" \/><\/a><p id=\"caption-attachment-509183\" class=\"wp-caption-text\">El gobernador mexiquense se\u00f1al\u00f3 que se han aplicado m\u00e1s de 4 millones 200 mil vacunas, de las cuales m\u00e1s de un mill\u00f3n 200 mil se destinaron para personas mayores de 50 a\u00f1os.<\/p><\/div>\n<p>&nbsp;<\/p>\n<p><strong>Ocoyoacac.- <\/strong>El gobierno del Estado de M\u00e9xico informa que este mi\u00e9rcoles 2 de junio inicia en los municipios de Lerma y San Mateo Atenco la vacunaci\u00f3n para las personas mayores de 40 a\u00f1os, como parte de la estrategia de vacunaci\u00f3n que se lleva a cabo en la entidad mexiquense.<\/p>\n<p>\u201cEl d\u00eda de ma\u00f1ana, ma\u00f1ana mi\u00e9rcoles iniciamos la vacunaci\u00f3n de mayores de 40 a\u00f1os, vamos a empezar en el municipio de Lerma y en el municipio de San Mateo Atenco, para que con esto podamos seguir en este importante plan de vacunaci\u00f3n que llevamos en el Estado de M\u00e9xico\u201d, dio a conocer el Gobernador del Estado de M\u00e9xico en sus redes sociales.<\/p>\n<p>El mandatario mexiquense puntualiz\u00f3 que en la entidad se han aplicado m\u00e1s de 4 millones 200 mil vacunas, de las cuales m\u00e1s de un mill\u00f3n 200 mil se destinaron para personas mayores de 50 a\u00f1os.<\/p>\n<p>\u201cCompartir que vamos avanzando muy bien en la vacunaci\u00f3n, llevamos hasta el momento m\u00e1s de 4 millones 200 mil vacunas aplicadas en todo el Estado de M\u00e9xico, ya pr\u00e1cticamente acabamos con la segunda dosis de los mayores de 60 a\u00f1os, son ya 115 municipios del Estado de M\u00e9xico que tienen la primera y segunda dosis de mayores de 60 a\u00f1os\u201d, precis\u00f3.<\/p>\n<p>Indic\u00f3 que a trav\u00e9s de la estrategia de vacunaci\u00f3n se lleva un ritmo importante para llegar a un mayor n\u00famero de mexiquenses, para prevenir el contagio y proteger a la poblaci\u00f3n.<\/p>\n<p>En este sentido, reconoci\u00f3 y agradeci\u00f3 el trabajo realizado por las y los trabajadores del sistema de salud que se han dedicado a aplicar las vacunas contra la Covid-19.<\/p>\n","protected":false},"excerpt":{"rendered":"<p>El gobierno del Estado de M\u00e9xico informa que este mi\u00e9rcoles 2 de junio inicia en los municipios de Lerma y San Mateo Atenco la vacunaci\u00f3n para las personas mayores de 40 a\u00f1os, como parte de la estrategia de vacunaci\u00f3n que se lleva a cabo en la entidad mexiquense.<\/p>\n","protected":false},"author":3,"featured_media":509183,"comment_status":"open","ping_status":"open","sticky":false,"template":"","format":"standard","meta":{"_monsterinsights_skip_tracking":false,"_monsterinsights_sitenote_active":false,"_monsterinsights_sitenote_note":"","_monsterinsights_sitenote_category":0,"footnotes":""},"categories":[5],"tags":[71146,6774,2643],"class_list":["post-509074","post","type-post","status-publish","format-standard","has-post-thumbnail","hentry","category-estado-de-mexico","tag-inicia","tag-ocoyoacac","tag-vacunacion"],"_links":{"self":[{"href":"https:\/\/www.diarioimagen.net\/index.php?rest_route=\/wp\/v2\/posts\/509074","targetHints":{"allow":["GET"]}}],"collection":[{"href":"https:\/\/www.diarioimagen.net\/index.php?rest_route=\/wp\/v2\/posts"}],"about":[{"href":"https:\/\/www.diarioimagen.net\/index.php?rest_route=\/wp\/v2\/types\/post"}],"author":[{"embeddable":true,"href":"https:\/\/www.diarioimagen.net\/index.php?rest_route=\/wp\/v2\/users\/3"}],"replies":[{"embeddable":true,"href":"https:\/\/www.diarioimagen.net\/index.php?rest_route=%2Fwp%2Fv2%2Fcomments&post=509074"}],"version-history":[{"count":0,"href":"https:\/\/www.diarioimagen.net\/index.php?rest_route=\/wp\/v2\/posts\/509074\/revisions"}],"wp:featuredmedia":[{"embeddable":true,"href":"https:\/\/www.diarioimagen.net\/index.php?rest_route=\/wp\/v2\/media\/509183"}],"wp:attachment":[{"href":"https:\/\/www.diarioimagen.net\/index.php?rest_route=%2Fwp%2Fv2%2Fmedia&parent=509074"}],"wp:term":[{"taxonomy":"category","embeddable":true,"href":"https:\/\/www.diarioimagen.net\/index.php?rest_route=%2Fwp%2Fv2%2Fcategories&post=509074"},{"taxonomy":"post_tag","embeddable":true,"href":"https:\/\/www.diarioimagen.net\/index.php?rest_route=%2Fwp%2Fv2%2Ftags&post=509074"}],"curies":[{"name":"wp","href":"https:\/\/api.w.org\/{rel}","templated":true}]}}