{"id":509213,"date":"2021-06-03T00:07:52","date_gmt":"2021-06-03T05:07:52","guid":{"rendered":"https:\/\/www.diarioimagen.net\/?p=509213"},"modified":"2021-06-04T05:21:35","modified_gmt":"2021-06-04T10:21:35","slug":"colaboracion-entre-academia-y-sector-publico-potenciara-desarrollo-cientifico-en-la-entidad-carlos-eduardo-barrera","status":"publish","type":"post","link":"https:\/\/www.diarioimagen.net\/?p=509213","title":{"rendered":"Colaboraci\u00f3n entre academia y sector p\u00fablico potenciar\u00e1 desarrollo cient\u00edfico en la entidad: Carlos Eduardo Barrera"},"content":{"rendered":"<p>&nbsp;<\/p>\n<ul>\n<li><strong><em>En este evento tambi\u00e9n se reconoci\u00f3 a las y los beneficiarios de las C\u00e1tedras COMECyT EDOMEX y Estancias de Investigaci\u00f3n Especializadas COMECyT EDOMEX, que se hicieron acreedores a un monto total de 13 millones 860 mil pesos<\/em><\/strong><\/li>\n<\/ul>\n<p>&nbsp;<\/p>\n<div id=\"attachment_509316\" style=\"width: 470px\" class=\"wp-caption aligncenter\"><a href=\"https:\/\/www.diarioimagen.net\/?attachment_id=509316\" rel=\"attachment wp-att-509316\"><img loading=\"lazy\" decoding=\"async\" aria-describedby=\"caption-attachment-509316\" class=\"size-full wp-image-509316\" src=\"https:\/\/www.diarioimagen.net\/wp-content\/uploads\/2021\/06\/Uaem1.jpg\" alt=\"\" width=\"460\" height=\"270\" \/><\/a><p id=\"caption-attachment-509316\" class=\"wp-caption-text\">El rector de la UAEM, Carlos Eduardo Barrera D\u00edaz, y el director general del COMECyT, Bernardo Jorge Almar\u00e1z Calder\u00f3n, firmaron un convenio de colaboraci\u00f3n entre ambas instituciones.<\/p><\/div>\n<p>&nbsp;<\/p>\n<p><strong>Toluca, Estado de M\u00e9xico.\u2013 <\/strong>La colaboraci\u00f3n entre la academia y el sector p\u00fablico potenciar\u00e1 el desarrollo cient\u00edfico en la entidad y es fundamental para el impulso de sociedades sostenibles del conocimiento, sostuvo el rector Carlos Eduardo Barrera D\u00edaz, al encabezar la firma del Convenio de Colaboraci\u00f3n entre la Universidad Aut\u00f3noma del Estado de M\u00e9xico (UAEM) y el Consejo Mexiquense de Ciencia y Tecnolog\u00eda (COMECyT).<\/p>\n<p>Acompa\u00f1ado del director general del COMECyT, Bernardo Jorge Almar\u00e1z Calder\u00f3n, y la subsecretaria de Educaci\u00f3n Superior y Normal del Gobierno del Estado de M\u00e9xico, Maribel G\u00f3ngora Espinosa, afirm\u00f3 que la ciencia, la tecnolog\u00eda y la innovaci\u00f3n son un importante motor de crecimiento econ\u00f3mico y desarrollo social.<\/p>\n<p>El rector asever\u00f3 que pol\u00edticas adecuadas en materia de ciencia, tecnolog\u00eda e innovaci\u00f3n direccionan y promueven la inversi\u00f3n y la formaci\u00f3n de recursos humanos. \u201cEl conocimiento que contribuye al desarrollo sostenible no se obtiene mediante una adquisici\u00f3n y acumulaci\u00f3n pasiva de innovaciones e investigaciones externas, sino que requiere de una s\u00f3lida base cient\u00edfica y tecnol\u00f3gica local\u201d, dijo.<\/p>\n<p>Luego de reconocer la apertura y compromiso de Bernardo Almaraz para impulsar una estrecha vinculaci\u00f3n con la m\u00e1xima casa de estudios mexiquense, agradeci\u00f3 el apoyo que se brind\u00f3 a las y los universitarios que participaron en las convocatorias de C\u00e1tedras y Estancias de Investigaci\u00f3n Especializadas COMECyT EDOMEX.<\/p>\n<p>El resultado, indic\u00f3 Carlos Eduardo Barrera D\u00edaz, son 39 c\u00e1tedras aprobadas, con una inversi\u00f3n de 11 millones 700 mil pesos, y 15 estancias de investigaci\u00f3n, con un monto de dos millones 160 mil pesos, para hacer un total de 13 millones 860 mil pesos.<\/p>\n<p>Antes de que Maribel G\u00f3ngora Espinosa destacara que impulsar la ciencia, la tecnolog\u00eda y la investigaci\u00f3n es prioritario a trav\u00e9s de un trabajo coordinado y transversal, Bernardo Jorge Almar\u00e1z Calder\u00f3n subray\u00f3 el esfuerzo y calidad del trabajo de las 31 mujeres y 23 hombres egresados de maestr\u00edas y doctorados de 21 organismos acad\u00e9micos de la UAEM que se incorporan a las C\u00e1tedras y las Estancias, ya que han presentado s\u00f3lidos proyectos de trabajo para consolidar su agenda de investigaci\u00f3n y lograr arrancar exitosamente su carrera acad\u00e9mica.<\/p>\n<p>Explic\u00f3 que las investigadoras e investigadores con maestr\u00eda y doctorado se pueden incorporar en alguna instituci\u00f3n de educaci\u00f3n superior o dependencia gubernamental del Estado de M\u00e9xico para fortalecer su carrera acad\u00e9mica o de investigaci\u00f3n, con beneficio para las instituciones o dependencias donde realizan su estancia, ya que desarrollan proyectos que atienden problemas espec\u00edficos identificados en el Estado de M\u00e9xico.<\/p>\n","protected":false},"excerpt":{"rendered":"<p>La colaboraci\u00f3n entre la academia y el sector p\u00fablico potenciar\u00e1 el desarrollo cient\u00edfico en la entidad y es fundamental para el impulso de sociedades sostenibles del conocimiento, sostuvo el rector Carlos Eduardo Barrera D\u00edaz, al encabezar la firma del Convenio de Colaboraci\u00f3n entre la Universidad Aut\u00f3noma del Estado de M\u00e9xico (UAEM) y el Consejo Mexiquense de Ciencia y Tecnolog\u00eda (COMECyT).<\/p>\n","protected":false},"author":3,"featured_media":509317,"comment_status":"open","ping_status":"open","sticky":false,"template":"","format":"standard","meta":{"_monsterinsights_skip_tracking":false,"_monsterinsights_sitenote_active":false,"_monsterinsights_sitenote_note":"","_monsterinsights_sitenote_category":0,"footnotes":""},"categories":[5],"tags":[92667,43675,73981,452,1491],"class_list":["post-509213","post","type-post","status-publish","format-standard","has-post-thumbnail","hentry","category-estado-de-mexico","tag-carlos-eduardo-barrera-diaz","tag-estado-de-mexico","tag-sector-publico","tag-toluca","tag-uaem"],"_links":{"self":[{"href":"https:\/\/www.diarioimagen.net\/index.php?rest_route=\/wp\/v2\/posts\/509213","targetHints":{"allow":["GET"]}}],"collection":[{"href":"https:\/\/www.diarioimagen.net\/index.php?rest_route=\/wp\/v2\/posts"}],"about":[{"href":"https:\/\/www.diarioimagen.net\/index.php?rest_route=\/wp\/v2\/types\/post"}],"author":[{"embeddable":true,"href":"https:\/\/www.diarioimagen.net\/index.php?rest_route=\/wp\/v2\/users\/3"}],"replies":[{"embeddable":true,"href":"https:\/\/www.diarioimagen.net\/index.php?rest_route=%2Fwp%2Fv2%2Fcomments&post=509213"}],"version-history":[{"count":0,"href":"https:\/\/www.diarioimagen.net\/index.php?rest_route=\/wp\/v2\/posts\/509213\/revisions"}],"wp:featuredmedia":[{"embeddable":true,"href":"https:\/\/www.diarioimagen.net\/index.php?rest_route=\/wp\/v2\/media\/509317"}],"wp:attachment":[{"href":"https:\/\/www.diarioimagen.net\/index.php?rest_route=%2Fwp%2Fv2%2Fmedia&parent=509213"}],"wp:term":[{"taxonomy":"category","embeddable":true,"href":"https:\/\/www.diarioimagen.net\/index.php?rest_route=%2Fwp%2Fv2%2Fcategories&post=509213"},{"taxonomy":"post_tag","embeddable":true,"href":"https:\/\/www.diarioimagen.net\/index.php?rest_route=%2Fwp%2Fv2%2Ftags&post=509213"}],"curies":[{"name":"wp","href":"https:\/\/api.w.org\/{rel}","templated":true}]}}