{"id":509221,"date":"2021-06-03T00:01:57","date_gmt":"2021-06-03T05:01:57","guid":{"rendered":"https:\/\/www.diarioimagen.net\/?p=509221"},"modified":"2021-06-03T03:49:57","modified_gmt":"2021-06-03T08:49:57","slug":"en-naucalpan-patricia-elisa-duran-asegura-que-consolidaran-la-cuarta-transformacion","status":"publish","type":"post","link":"https:\/\/www.diarioimagen.net\/?p=509221","title":{"rendered":"En Naucalpan, Patricia Elisa Dur\u00e1n asegura que consolidar\u00e1n la Cuarta Transformaci\u00f3n"},"content":{"rendered":"<p>&nbsp;<\/p>\n<ul>\n<li><strong><em>Trabajo de cerca por las causas justas de los ciudadanos<\/em><\/strong><\/li>\n<\/ul>\n<p>&nbsp;<\/p>\n<div id=\"attachment_509324\" style=\"width: 470px\" class=\"wp-caption aligncenter\"><a href=\"https:\/\/www.diarioimagen.net\/?attachment_id=509324\" rel=\"attachment wp-att-509324\"><img loading=\"lazy\" decoding=\"async\" aria-describedby=\"caption-attachment-509324\" class=\"size-full wp-image-509324\" src=\"https:\/\/www.diarioimagen.net\/wp-content\/uploads\/2021\/06\/naucalpan-2.jpg\" alt=\"\" width=\"460\" height=\"270\" \/><\/a><p id=\"caption-attachment-509324\" class=\"wp-caption-text\">Patricia Dur\u00e1n Reveles, candidata de la coalici\u00f3n Juntos Hacemos Historia a la alcald\u00eda de Naucalpan, realiz\u00f3 un cierre regional de campa\u00f1a, en la colonia Santiago Ahuizotla.<\/p><\/div>\n<p>&nbsp;<\/p>\n<p><strong>Naucalpan, Estado de M\u00e9xico<\/strong>.- En el cierre regional de campa\u00f1a, en la colonia Santiago Ahuizotla, la candidata de la coalici\u00f3n Juntos Hacemos Historia a la alcald\u00eda, Patricia Dur\u00e1n Reveles, afirm\u00f3 que los gobiernos del partido Movimiento Regeneraci\u00f3n Nacional (Morena), trabajan de cerca con la gente y para la gente, y por las causas justas de los ciudadanos.\u00a0 \u201cLa Cuarta Transformaci\u00f3n se consolida, por eso en Naucalpan seguiremos trabajando por \u201cel bienestar de las personas que menos tienen y para construir pol\u00edticas sociales justas\u201d, se\u00f1al\u00f3 la candidata por morena, PT y Nueva Alianza.<\/p>\n<p>En el evento en el que tambi\u00e9n particip\u00f3, Vidal Llerenas Morales, candidato por Morena para la alcald\u00eda de Azcapotzalco, Dur\u00e1n Reveles asegur\u00f3 que los gobiernos del movimiento trabajan por un mismo objetivo: lograr un cambio verdadero que brinde desarrollo y bienestar a las familias.<\/p>\n<p>Ante casi 3 mil personas, resalt\u00f3 que los gobiernos de Naucalpan y Azcapotzalco trabajan para implementar acciones y pol\u00edticas que beneficien a ambas poblaciones.<\/p>\n<p>\u201cEsta elecci\u00f3n ya la ganamos en las calles, porque hay hechos que van a durar para las pr\u00f3ximas generaciones, como lo que hicimos en la renovaci\u00f3n de San Bartolo. Igualmente como la creaci\u00f3n de la Universidad de Naucalpan, completamente gratuita para quienes quieran estudiar una carrera universitaria, tambi\u00e9n con mucha obra comunitaria en las comunidades\u201d, dijo la candidata de la coalici\u00f3n juntos hacemos historia.<\/p>\n<p>En su mensaje, agradeci\u00f3 a la poblaci\u00f3n, pues subray\u00f3 que a lo largo de 30 d\u00edas de campa\u00f1a, se ha sentido acompa\u00f1ada y la gente que le ha externado sus demandas para mejorar su colonia, que son el motor para seguir trabajando con mayor firmeza para dar mejores resultados.<\/p>\n<p>En su participaci\u00f3n, David Gil Picazo, presidente del Consejo de Participaci\u00f3n Ciudadana de Ahuizotla, le extern\u00f3 a Patricia Dur\u00e1n la disposici\u00f3n que existe en La Ahuizotla para seguir trabajando en las mejoras urbanas.<\/p>\n<p>\u201cSabemos la calidad de persona y gran mujer que eres, sabemos de tu cercan\u00eda con la gente. Aqu\u00ed tienes al equipo que te respaldar\u00e1 este pr\u00f3ximo 6 de junio\u201d, resalt\u00f3.<\/p>\n<p>Al acto del cierre regional de campa\u00f1a, tambi\u00e9n asistieron los integrantes de la planilla de la candidata Patricia Dur\u00e1n, Rosalba Gualito Casta\u00f1eda, candidata suplente a la presidencia municipal; Sony Miranda, candidata a diputada local por el Distrito 29, las candidatas a regidoras Maricela Hern\u00e1ndez Inocente y Guadalupe \u00c1ngel.<\/p>\n<p>As\u00ed tambi\u00e9n, Alexis Santos, Berenice Montoya, as\u00ed como los candidatos a s\u00edndico, Carlos Trujillo Anell, y a regidor, Jes\u00fas Loredo. Por parte de Azcapotzalco, estuvieron presentes los candidatos a concejales Silvia Elena Mart\u00ednez, Mariana Salazar, Mario Delgadillo y Rub\u00e9n Villa.<\/p>\n","protected":false},"excerpt":{"rendered":"<p>En el cierre regional de campa\u00f1a, en la colonia Santiago Ahuizotla, la candidata de la coalici\u00f3n Juntos Hacemos Historia a la alcald\u00eda, Patricia Dur\u00e1n Reveles, afirm\u00f3 que los gobiernos del partido Movimiento Regeneraci\u00f3n Nacional (Morena), trabajan de cerca con la gente y para la gente, y por las causas justas de los ciudadanos.\u00a0<\/p>\n","protected":false},"author":3,"featured_media":509324,"comment_status":"open","ping_status":"open","sticky":false,"template":"","format":"standard","meta":{"_monsterinsights_skip_tracking":false,"_monsterinsights_sitenote_active":false,"_monsterinsights_sitenote_note":"","_monsterinsights_sitenote_category":0,"footnotes":""},"categories":[5],"tags":[83593,43675,970],"class_list":["post-509221","post","type-post","status-publish","format-standard","has-post-thumbnail","hentry","category-estado-de-mexico","tag-cuarta-transformacion","tag-estado-de-mexico","tag-naucalpan"],"_links":{"self":[{"href":"https:\/\/www.diarioimagen.net\/index.php?rest_route=\/wp\/v2\/posts\/509221","targetHints":{"allow":["GET"]}}],"collection":[{"href":"https:\/\/www.diarioimagen.net\/index.php?rest_route=\/wp\/v2\/posts"}],"about":[{"href":"https:\/\/www.diarioimagen.net\/index.php?rest_route=\/wp\/v2\/types\/post"}],"author":[{"embeddable":true,"href":"https:\/\/www.diarioimagen.net\/index.php?rest_route=\/wp\/v2\/users\/3"}],"replies":[{"embeddable":true,"href":"https:\/\/www.diarioimagen.net\/index.php?rest_route=%2Fwp%2Fv2%2Fcomments&post=509221"}],"version-history":[{"count":0,"href":"https:\/\/www.diarioimagen.net\/index.php?rest_route=\/wp\/v2\/posts\/509221\/revisions"}],"wp:featuredmedia":[{"embeddable":true,"href":"https:\/\/www.diarioimagen.net\/index.php?rest_route=\/wp\/v2\/media\/509324"}],"wp:attachment":[{"href":"https:\/\/www.diarioimagen.net\/index.php?rest_route=%2Fwp%2Fv2%2Fmedia&parent=509221"}],"wp:term":[{"taxonomy":"category","embeddable":true,"href":"https:\/\/www.diarioimagen.net\/index.php?rest_route=%2Fwp%2Fv2%2Fcategories&post=509221"},{"taxonomy":"post_tag","embeddable":true,"href":"https:\/\/www.diarioimagen.net\/index.php?rest_route=%2Fwp%2Fv2%2Ftags&post=509221"}],"curies":[{"name":"wp","href":"https:\/\/api.w.org\/{rel}","templated":true}]}}