{"id":509224,"date":"2021-06-03T00:06:53","date_gmt":"2021-06-03T05:06:53","guid":{"rendered":"https:\/\/www.diarioimagen.net\/?p=509224"},"modified":"2021-06-04T02:22:55","modified_gmt":"2021-06-04T07:22:55","slug":"servicio-medico-acorde-a-las-necesidades-sanitarias-de-cada-region-mexiquense","status":"publish","type":"post","link":"https:\/\/www.diarioimagen.net\/?p=509224","title":{"rendered":"Servicio m\u00e9dico, acorde a las necesidades sanitarias de cada regi\u00f3n mexiquense"},"content":{"rendered":"<p>&nbsp;<\/p>\n<h3 style=\"text-align: center;\">En Centros Especializados de Atenci\u00f3n Primaria a la Salud<\/h3>\n<p>&nbsp;<\/p>\n<ul>\n<li><em><strong>Brindan CEAPS consultas los 365 d\u00edas del a\u00f1o a quienes no cuentan con seguridad social<\/strong> <\/em><\/li>\n<\/ul>\n<p>&nbsp;<\/p>\n<div id=\"attachment_509331\" style=\"width: 470px\" class=\"wp-caption aligncenter\"><a href=\"https:\/\/www.diarioimagen.net\/?attachment_id=509331\" rel=\"attachment wp-att-509331\"><img loading=\"lazy\" decoding=\"async\" aria-describedby=\"caption-attachment-509331\" class=\"size-full wp-image-509331\" src=\"https:\/\/www.diarioimagen.net\/wp-content\/uploads\/2021\/06\/DEL-MAZO-2.jpg\" alt=\"\" width=\"460\" height=\"270\" \/><\/a><p id=\"caption-attachment-509331\" class=\"wp-caption-text\">El gobernador del Estado de M\u00e9xico visit\u00f3 el Centro Especializado de Atenci\u00f3n Primaria a la Salud \u201cTeoloyucan\u201d.<\/p><\/div>\n<p>&nbsp;<\/p>\n<p><strong>Teoloyucan, Estado de M\u00e9xico.- <\/strong>A trav\u00e9s de los Centros Especializados de Atenci\u00f3n Primaria a la Salud (CEAPS) los mexiquenses reciben atenci\u00f3n m\u00e9dica acorde a las necesidades sanitarias de cada regi\u00f3n, as\u00ed como tratamientos integrales que van desde la promoci\u00f3n y prevenci\u00f3n, hasta la rehabilitaci\u00f3n y cuidados paliativos.<\/p>\n<p>Los CEAPS brindan atenci\u00f3n primaria a la salud, principalmente a quienes no cuentan con un sistema de seguridad social y para aquellos que viven lejanos a las cabeceras municipales, los 365 d\u00edas del a\u00f1o las 24 horas.<\/p>\n<p>Al visitar el Centro Especializado de Atenci\u00f3n Primaria a la Salud \u201cTeoloyucan\u201d, el Gobernador del Estado de M\u00e9xico reconoci\u00f3 y agradeci\u00f3 al personal m\u00e9dico y de enfermer\u00eda que est\u00e1n atentos para brindar la atenci\u00f3n necesaria a los pacientes, adem\u00e1s de que en estos espacios se atienden el 80 por ciento de los problemas de salud.<\/p>\n<p>\u201cVisitamos el Centro Especializado de Atenci\u00f3n Primaria a la Salud #Teoloyucan. El 80% de los problemas de salud de las familias mexiquenses son atendidos en estos espacios\u201d, coment\u00f3 en sus redes sociales.<\/p>\n<p>El CEAPS de Teoloyucan desde hace m\u00e1s de cinco a\u00f1os brinda servicio para las localidades de Fracci\u00f3n San Roque, Santa Mar\u00eda Huecatitla, La Trinidad, San Mateo Ixtacalco, La Chinampa, Paseos del Bosque, \u00c1lamos, entre otras, y ofrece atenci\u00f3n en odontolog\u00eda, ginecobstetricia, laboratorio cl\u00ednico, pediatr\u00eda, nutrici\u00f3n, psicolog\u00eda, medicina preventiva y general.<\/p>\n","protected":false},"excerpt":{"rendered":"<p>A trav\u00e9s de los Centros Especializados de Atenci\u00f3n Primaria a la Salud (CEAPS) los mexiquenses reciben atenci\u00f3n m\u00e9dica acorde a las necesidades sanitarias de cada regi\u00f3n, as\u00ed como tratamientos integrales que van desde la promoci\u00f3n y prevenci\u00f3n, hasta la rehabilitaci\u00f3n y cuidados paliativos.<\/p>\n","protected":false},"author":3,"featured_media":509331,"comment_status":"open","ping_status":"open","sticky":false,"template":"","format":"standard","meta":{"_monsterinsights_skip_tracking":false,"_monsterinsights_sitenote_active":false,"_monsterinsights_sitenote_note":"","_monsterinsights_sitenote_category":0,"footnotes":""},"categories":[5],"tags":[43675,277,63910,682],"class_list":["post-509224","post","type-post","status-publish","format-standard","has-post-thumbnail","hentry","category-estado-de-mexico","tag-estado-de-mexico","tag-mexiquense","tag-region","tag-teoloyucan"],"_links":{"self":[{"href":"https:\/\/www.diarioimagen.net\/index.php?rest_route=\/wp\/v2\/posts\/509224","targetHints":{"allow":["GET"]}}],"collection":[{"href":"https:\/\/www.diarioimagen.net\/index.php?rest_route=\/wp\/v2\/posts"}],"about":[{"href":"https:\/\/www.diarioimagen.net\/index.php?rest_route=\/wp\/v2\/types\/post"}],"author":[{"embeddable":true,"href":"https:\/\/www.diarioimagen.net\/index.php?rest_route=\/wp\/v2\/users\/3"}],"replies":[{"embeddable":true,"href":"https:\/\/www.diarioimagen.net\/index.php?rest_route=%2Fwp%2Fv2%2Fcomments&post=509224"}],"version-history":[{"count":0,"href":"https:\/\/www.diarioimagen.net\/index.php?rest_route=\/wp\/v2\/posts\/509224\/revisions"}],"wp:featuredmedia":[{"embeddable":true,"href":"https:\/\/www.diarioimagen.net\/index.php?rest_route=\/wp\/v2\/media\/509331"}],"wp:attachment":[{"href":"https:\/\/www.diarioimagen.net\/index.php?rest_route=%2Fwp%2Fv2%2Fmedia&parent=509224"}],"wp:term":[{"taxonomy":"category","embeddable":true,"href":"https:\/\/www.diarioimagen.net\/index.php?rest_route=%2Fwp%2Fv2%2Fcategories&post=509224"},{"taxonomy":"post_tag","embeddable":true,"href":"https:\/\/www.diarioimagen.net\/index.php?rest_route=%2Fwp%2Fv2%2Ftags&post=509224"}],"curies":[{"name":"wp","href":"https:\/\/api.w.org\/{rel}","templated":true}]}}