{"id":509273,"date":"2021-06-03T00:08:37","date_gmt":"2021-06-03T05:08:37","guid":{"rendered":"https:\/\/www.diarioimagen.net\/?p=509273"},"modified":"2021-06-03T02:43:57","modified_gmt":"2021-06-03T07:43:57","slug":"voto-util-y-voto-inutil","status":"publish","type":"post","link":"https:\/\/www.diarioimagen.net\/?p=509273","title":{"rendered":"Voto \u00fatil y voto in\u00fatil"},"content":{"rendered":"<h2>Detr\u00e1s del Poder<\/h2>\n<h5>Jos\u00e9 Antonio L\u00f3pez Sosa<\/h5>\n<p>&nbsp;<\/p>\n<p>La pol\u00edtica mexicana se ha dividido en dos, los que est\u00e1n con el presidente L\u00f3pez Obrador, es decir, los votantes de Morena y sus partidos r\u00e9moras y, los que est\u00e1n contra el presidente L\u00f3pez Obrador, los votantes de la alianza PRI-PAN-PRD y sus r\u00e9moras.<\/p>\n<p>De un lado y del otro llaman al voto \u00fatil y califican de in\u00fatil el voto que no sea para su coalici\u00f3n o su(s) partido(s).<\/p>\n<p>\u00bfQui\u00e9n es el ganador antes de las elecciones?, definitivamente el propio presidente L\u00f3pez Obrador que a tres a\u00f1os de mandato, sigue siendo el personaje principal entorno a las elecciones a\u00fan sin estar en la boleta. La elecci\u00f3n del domingo pr\u00f3ximo pareciera tratarse de estar con o en contra del propio L\u00f3pez Obrador, de su \u201cCuarta Transformaci\u00f3n\u201d y de sus propias ideas (u ocurrencias) pol\u00edticas.<\/p>\n<p>Como desde hace 18 a\u00f1os, L\u00f3pez Obrador sigue crispando los \u00e1nimos, encendiendo los debates y causando ceguera en la sociedad, s\u00ed, esa ceguera que hace que sus creyentes lo vean como un ente casi teol\u00f3gico y sus adversarios le aborrezcan a\u00fan m\u00e1s, fuera de toda proporci\u00f3n pol\u00edtica, ambos extremos.<\/p>\n<p>Definitivamente, el resultado electoral del domingo pr\u00f3ximo es importante, muy importante para la vida pol\u00edtica nacional en los pr\u00f3ximos tres a\u00f1os. El control de la c\u00e1mara de diputados est\u00e1 en juego y haciendo honor a la verdad, ni los unos ni los otros cumplieron o han cumplido. El Congreso y en particular la C\u00e1mara baja, lleva a\u00f1os siendo una tribuna de representaci\u00f3n de intereses particulares, en momentos una oficial\u00eda de partes del gobernante en turno y de pronto en un circo de tres pistas donde se debaten temas de las \u00e9lites pol\u00edticas y al final, muy en el fondo, las necesidades reales de los ciudadanos.<\/p>\n<p>Es un triste dilema el que tenemos el pr\u00f3ximo domingo, ambos extremos llaman al voto \u00fatil, ambos tambi\u00e9n acusan al otro de un voto in\u00fatil. Ninguno de los actores pol\u00edticos, ni de un lado ni del otro representa una garant\u00eda para salir adelante de este enredor pol\u00edtico y polarizador en que el propio presidente L\u00f3pez Obrador nos ha metido y, donde han ca\u00eddo sus odiadores que se muestran tan radicales como \u00e9l mismo en el discurso de odio.<\/p>\n<p>Considero que no hay voto \u00fatil y no hay voto in\u00fatil. No acepto esa polarizaci\u00f3n que califica y descalifica. Creo firmemente que como periodista es irresponsable, poco profesional y descarado, pedir el voto hacia un lado o hacia el otro.<\/p>\n<p>La democracia es la coexistencia, la democracia es votar por quien cada ciudadano quiera, la democracia es negociar y llegar a acuerdos donde quepamos todos, independientemente de por qui\u00e9n votemos y en qui\u00e9n creamos.<\/p>\n<p><em><a href=\"http:\/\/www.lopezsosa.com\" target=\"_blank\" rel=\"noopener\">www.lopezsosa.com<\/a><\/em><br \/>\n<em><a href=\"mailto:joseantonio@lopezsosa.com\" target=\"_blank\" rel=\"noopener\">joseantonio@lopezsosa.com<\/a><\/em><br \/>\n<em><a href=\"http:\/\/twitter.com\/joseantonio1977\" target=\"_blank\" rel=\"noopener\">@joseantonio197<\/a><\/em><\/p>\n","protected":false},"excerpt":{"rendered":"<p><span style=\"color: #005497;\"><strong>Jos\u00e9 Antonio L\u00f3pez Sosa<\/strong><\/span><\/p>\n","protected":false},"author":3,"featured_media":0,"comment_status":"open","ping_status":"open","sticky":false,"template":"","format":"standard","meta":{"_monsterinsights_skip_tracking":false,"_monsterinsights_sitenote_active":false,"_monsterinsights_sitenote_note":"","_monsterinsights_sitenote_category":0,"footnotes":""},"categories":[637],"tags":[638,43690,43674],"class_list":["post-509273","post","type-post","status-publish","format-standard","hentry","category-jose-antonio-lopez-sosa","tag-detras-del-poder","tag-jose-antonio-lopez-sosa","tag-opinion"],"_links":{"self":[{"href":"https:\/\/www.diarioimagen.net\/index.php?rest_route=\/wp\/v2\/posts\/509273","targetHints":{"allow":["GET"]}}],"collection":[{"href":"https:\/\/www.diarioimagen.net\/index.php?rest_route=\/wp\/v2\/posts"}],"about":[{"href":"https:\/\/www.diarioimagen.net\/index.php?rest_route=\/wp\/v2\/types\/post"}],"author":[{"embeddable":true,"href":"https:\/\/www.diarioimagen.net\/index.php?rest_route=\/wp\/v2\/users\/3"}],"replies":[{"embeddable":true,"href":"https:\/\/www.diarioimagen.net\/index.php?rest_route=%2Fwp%2Fv2%2Fcomments&post=509273"}],"version-history":[{"count":0,"href":"https:\/\/www.diarioimagen.net\/index.php?rest_route=\/wp\/v2\/posts\/509273\/revisions"}],"wp:attachment":[{"href":"https:\/\/www.diarioimagen.net\/index.php?rest_route=%2Fwp%2Fv2%2Fmedia&parent=509273"}],"wp:term":[{"taxonomy":"category","embeddable":true,"href":"https:\/\/www.diarioimagen.net\/index.php?rest_route=%2Fwp%2Fv2%2Fcategories&post=509273"},{"taxonomy":"post_tag","embeddable":true,"href":"https:\/\/www.diarioimagen.net\/index.php?rest_route=%2Fwp%2Fv2%2Ftags&post=509273"}],"curies":[{"name":"wp","href":"https:\/\/api.w.org\/{rel}","templated":true}]}}