{"id":509291,"date":"2021-06-03T00:12:30","date_gmt":"2021-06-03T05:12:30","guid":{"rendered":"https:\/\/www.diarioimagen.net\/?p=509291"},"modified":"2021-06-03T02:56:06","modified_gmt":"2021-06-03T07:56:06","slug":"mexico-en-el-sube-y-baja-financiero","status":"publish","type":"post","link":"https:\/\/www.diarioimagen.net\/?p=509291","title":{"rendered":"M\u00e9xico, en el sube y baja financiero\u00a0"},"content":{"rendered":"<h2>Tras la puerta del poder<\/h2>\n<h5>Roberto Vizca\u00edno<em>\u00a0<\/em><\/h5>\n<p>&nbsp;<\/p>\n<p>Los d\u00edas de reflexi\u00f3n pol\u00edtica son propicios para una revisi\u00f3n de lo financiero y econ\u00f3mico. As\u00ed se encuentra uno con qu\u00e9, desplazada por las cuestiones electorales, cumplido el plazo de la renovaci\u00f3n de poderes, <strong>la econom\u00eda mexicana vuelve a cobrar fuerza<\/strong> para dejar al descubierto un verdadero manipuleo de porcentajes y n\u00fameros.<\/p>\n<p>Mire usted, resulta que la <strong>Secretar\u00eda de Econom\u00eda<\/strong> presumi\u00f3 a fines de mayo un incremento del 14.8 por ciento en la Inversi\u00f3n Extranjera Directa en M\u00e9xico durante el primer trimestre, pero el <strong>Banco de M\u00e9xico<\/strong> le corrigi\u00f3 la plana para advertir que fue todo lo contrario: la IED cay\u00f3 29.2 por ciento en el mismo periodo, siendo el mayor descalabrado desde 1995, report\u00f3 <em>ese pasqu\u00edn<\/em> llamado <strong><em>Reforma<\/em><\/strong>.<\/p>\n<p>\u00a1Uyyy!, \u00bfpues no que hab\u00eda confianza?<\/p>\n<p style=\"text-align: center;\"><strong>Fuga, antes que ingresos<\/strong><\/p>\n<p>La verdad es que, de acuerdo a datos precisos, Banxico report\u00f3 una fuga de capitales en lo que va del a\u00f1o por 123 mil 835 millones de pesos en valores gubernamentales, papeles que los inversionistas extranjeros decidieron vender para buscar opciones m\u00e1s rentables. Esa cantidad equivale a 7 mil 39 millones de d\u00f3lares.<\/p>\n<p>Y esto es apenas una parte. Pues durante 2020 salieron 257 mil 239 millones de pesos (18 mil 896 millones de d\u00f3lares), casi el m\u00e1ximo hist\u00f3rico alcanzado el 8 de febrero de 2019, cuando los inversionistas extranjeros ten\u00edan dos billones 273 mil 928 millones de pesos en valores gubernamentales (119 mil 121 millones de d\u00f3lares), <strong>hasta la fecha, se fueron 506 mil 715 millones de pesos (31 mil 173 millones de d\u00f3lares<\/strong>). Hoy los inversionistas extranjeros solamente conservan un bill\u00f3n 767 mil 214 millones de pesos en bonos, cetes y udibonos, lo equivalente a 87 mil 947 millones de d\u00f3lares.<\/p>\n<p>A finales del a\u00f1o pasado, Pemex pidi\u00f3 un pr\u00e9stamo a un banco extranjero, como garant\u00eda entreg\u00f3 valores gubernamentales que ten\u00eda en su poder, esto provoc\u00f3 un repunte en la tenencia de papeles en manos de extranjeros durante noviembre, sin este fen\u00f3meno la salida de flujos en 2020 hubiera sido de 388 mil 382 millones de pesos, 50.98% mayor, y como esos bonos siguen en manos de un banco de otro pa\u00eds, sigue beneficiando al balance final.<\/p>\n<p style=\"text-align: center;\"><strong>Temen mayor fuga y menos inversi\u00f3n <\/strong><\/p>\n<p>En este contexto analistas econ\u00f3micos y financieros temen que esta fuga de capitales y retracci\u00f3n de la inversi\u00f3n extranjera se agudice si se persiste en, por ejemplo, decisiones como la de <strong>Ricardo Monreal<\/strong> de convocar la pr\u00f3xima semana a un per\u00edodo extraordinario para declarar la desaparici\u00f3n de poderes en Tamaulipas.<\/p>\n<p>Tamaulipas representa el asiento de una importante cantidad de maquiladoras y la puerta de salida y entrada al flujo comercial de M\u00e9xico con Estados Unidos que representa los 5 billones de d\u00f3lares al a\u00f1o.<\/p>\n<p style=\"text-align: center;\"><strong>Oiga usted, \u00a1qu\u00e9 calor!, quiz\u00e1 un ingeniero se los quite <\/strong><\/p>\n<p>Mexicali, la capital de Baja California est\u00e1 considerada como una de las ciudades m\u00e1s extremas clim\u00e1ticamente en el mundo. Ubicada a metros abajo del nivel del mar, casi rodeada por el desierto, cuando hace calor la temperatura ha llegado a rebasar los 50 grados cent\u00edgrados.<\/p>\n<p>El mismo infierno. A mi me toc\u00f3 vivir eso de chamaco y en mi juventud. Ya m\u00e1s grandecito el refugio con aire acondicionado y buen trato eran los bares y las cantinas, a veces los cines.<\/p>\n<p>Eso de los m\u00e1s de 50 grados ocurri\u00f3 el 28 de julio de 1995 cuando los term\u00f3metros registraron los 52 grados Celsius, la m\u00e1s alta vivida en esta ciudad. Pero en 2015 y 2019 hubo temperaturas de 49 grados, que en esos niveles es casi lo mismo que 52.<\/p>\n<p>Del otro lado de la frontera, en la ciudad estadounidense de Calexico, separada apenas por una calle y una reja, de Mexicali, la temperatura es la misma.<\/p>\n<p>La \u00fanica y vital diferencia es que en Calexico los sistemas de aire acondicionado son parte esencial de casas y negocios, y las tarifas de energ\u00eda el\u00e9ctrica son infinitamente m\u00e1s baratas que de este lado.<\/p>\n<p>Ni qu\u00e9 decir que de aquel lado tambi\u00e9n funcionan los programas de seguridad p\u00fablica, servicios urbanos, empleo, educaci\u00f3n, salud, desarrollo econ\u00f3mico, producci\u00f3n, etc, etc. All\u00e1 todo eso s\u00ed funciona y son un ejemplo de lo que de este lado no existe.<\/p>\n<p>\u00bfSe lograr\u00e1 al menos alcanzar algo de eso en Mexicali y en el resto de BC?<\/p>\n<p>Oiga Usted, qui\u00e9n sabe. Al menos no se ha podido lograr en lo que va de las \u00faltimas promesas en 2018 a la fecha. Ah\u00ed ya se quemaron esos mes\u00edas incompetentes de color moreno. A ver si los de otros colores, con barbas o sin ellas, lo cumplen.<\/p>\n<p>Mientras llega alguien <em>solidario<\/em> que les cumpla quiz\u00e1 un domingo como el que viene, los <em>cachanillas<\/em> mexicalenses contin\u00faan agobiados por <strong><em>la calor<\/em><\/strong> y la falta de resultados de quienes a lo mejor ya se van.<\/p>\n<p><em><a href=\"mailto:rvizcainoa@gmail.com\" target=\"_blank\" rel=\"noopener noreferrer\">rvizcainoa@gmail.com<\/a><br \/>\n<u><a href=\"http:\/\/endirecto.mx\" target=\"_blank\" rel=\"noopener noreferrer\">www.endirecto.mx<\/a><br \/>\n<a href=\"https:\/\/twitter.com\/_rvizcaino\" target=\"_blank\" rel=\"noopener noreferrer\">@_RVizcaino<\/a><br \/>\n<a href=\"https:\/\/www.facebook.com\/rvizcainoa\" target=\"_blank\" rel=\"noopener noreferrer\">facebook.com\/rvizcainoa<\/a><\/u><\/em><\/p>\n","protected":false},"excerpt":{"rendered":"<p><span style=\"color: #005497;\"><strong>Roberto Vizca\u00edno<\/strong><\/span><br \/>\n<br \/>\nLos d\u00edas de reflexi\u00f3n pol\u00edtica son propicios para una revisi\u00f3n de lo financiero y econ\u00f3mico. As\u00ed se encuentra uno con qu\u00e9, desplazada por las cuestiones electorales, cumplido el plazo de la renovaci\u00f3n de poderes, <strong>la econom\u00eda mexicana vuelve a cobrar fuerza<\/strong> para dejar al descubierto un verdadero manipuleo de porcentajes y n\u00fameros.<\/p>\n","protected":false},"author":3,"featured_media":0,"comment_status":"open","ping_status":"open","sticky":false,"template":"","format":"standard","meta":{"_monsterinsights_skip_tracking":false,"_monsterinsights_sitenote_active":false,"_monsterinsights_sitenote_note":"","_monsterinsights_sitenote_category":0,"footnotes":""},"categories":[136],"tags":[43674,93,94],"class_list":["post-509291","post","type-post","status-publish","format-standard","hentry","category-roberto-vizcaino-opinion","tag-opinion","tag-roberto-vizcaino","tag-tras-la-puerta-del-poder"],"_links":{"self":[{"href":"https:\/\/www.diarioimagen.net\/index.php?rest_route=\/wp\/v2\/posts\/509291","targetHints":{"allow":["GET"]}}],"collection":[{"href":"https:\/\/www.diarioimagen.net\/index.php?rest_route=\/wp\/v2\/posts"}],"about":[{"href":"https:\/\/www.diarioimagen.net\/index.php?rest_route=\/wp\/v2\/types\/post"}],"author":[{"embeddable":true,"href":"https:\/\/www.diarioimagen.net\/index.php?rest_route=\/wp\/v2\/users\/3"}],"replies":[{"embeddable":true,"href":"https:\/\/www.diarioimagen.net\/index.php?rest_route=%2Fwp%2Fv2%2Fcomments&post=509291"}],"version-history":[{"count":0,"href":"https:\/\/www.diarioimagen.net\/index.php?rest_route=\/wp\/v2\/posts\/509291\/revisions"}],"wp:attachment":[{"href":"https:\/\/www.diarioimagen.net\/index.php?rest_route=%2Fwp%2Fv2%2Fmedia&parent=509291"}],"wp:term":[{"taxonomy":"category","embeddable":true,"href":"https:\/\/www.diarioimagen.net\/index.php?rest_route=%2Fwp%2Fv2%2Fcategories&post=509291"},{"taxonomy":"post_tag","embeddable":true,"href":"https:\/\/www.diarioimagen.net\/index.php?rest_route=%2Fwp%2Fv2%2Ftags&post=509291"}],"curies":[{"name":"wp","href":"https:\/\/api.w.org\/{rel}","templated":true}]}}