{"id":509382,"date":"2021-06-04T00:22:19","date_gmt":"2021-06-04T05:22:19","guid":{"rendered":"https:\/\/www.diarioimagen.net\/?p=509382"},"modified":"2021-06-04T06:56:30","modified_gmt":"2021-06-04T11:56:30","slug":"mas-de-18-mil-policias-resguardaran-jornada-electoral-en-la-cdmx","status":"publish","type":"post","link":"https:\/\/www.diarioimagen.net\/?p=509382","title":{"rendered":"M\u00e1s de 18 mil polic\u00edas resguardar\u00e1n jornada electoral en la CDMX"},"content":{"rendered":"<p>&nbsp;<\/p>\n<div id=\"attachment_509485\" style=\"width: 470px\" class=\"wp-caption aligncenter\"><a href=\"https:\/\/www.diarioimagen.net\/?attachment_id=509485\" rel=\"attachment wp-att-509485\"><img loading=\"lazy\" decoding=\"async\" aria-describedby=\"caption-attachment-509485\" class=\"size-full wp-image-509485\" src=\"https:\/\/www.diarioimagen.net\/wp-content\/uploads\/2021\/06\/LEY-SECA.jpg\" alt=\"\" width=\"460\" height=\"270\" \/><\/a><p id=\"caption-attachment-509485\" class=\"wp-caption-text\">Desplegar\u00e1n m\u00e1s de 18 mil elementos para garantizar la seguridad en las elecciones del pr\u00f3ximo 6 de junio.<\/p><\/div>\n<p>&nbsp;<\/p>\n<p>El gobierno de la Ciudad de M\u00e9xico anunci\u00f3 el despliegue policial de m\u00e1s de 18 mil elementos para las elecciones del pr\u00f3ximo 6 de junio, con el objetivo de garantizar los comicios.<\/p>\n<p>El secretario de Gobierno, Alfonso Su\u00e1rez del Real, inform\u00f3 que la Secretar\u00eda de Seguridad Ciudadana desplegar\u00e1 a 18 mil 856 elementos en m\u00e1s 160 equipos de trabajo a partir de las 5:30 horas del domingo.<\/p>\n<p>Asimismo, se instalar\u00e1 un Centro de Mando d\u00f3nde participar\u00e1 personal de la SSC, personal de la Fiscal\u00eda capitalina y de la Secretar\u00eda de Gobierno. Adem\u00e1s el C5 estar\u00e1 apoyando a este puesto de mando.<\/p>\n<p style=\"text-align: center;\"><strong>Habr\u00e1 \u201cley seca\u201d en 16 alcald\u00edas de la capital <\/strong><\/p>\n<p>\u00a0Tambi\u00e9n se implementar\u00e1 para ese d\u00eda la \u201cley seca\u201d en las 16 alcald\u00edas y solo en restaurantes podr\u00e1n vender bebidas alcoh\u00f3licas acompa\u00f1adas con alimentos. Su\u00e1rez del Real expuso que adem\u00e1s del operativo que se llevar\u00e1 a cabo ese d\u00eda, se est\u00e1 dando acompa\u00f1amiento al traslado de material electoral.<\/p>\n<p>Asimismo, destac\u00f3 que se contar\u00e1n con 7 mil 465 inmuebles para apoyar en todo el proceso electoral.<\/p>\n","protected":false},"excerpt":{"rendered":"<p>El gobierno de la Ciudad de M\u00e9xico anunci\u00f3 el despliegue policial de m\u00e1s de 18 mil elementos para las elecciones del pr\u00f3ximo 6 de junio, con el objetivo de garantizar los comicios.<\/p>\n","protected":false},"author":3,"featured_media":509485,"comment_status":"open","ping_status":"open","sticky":false,"template":"","format":"standard","meta":{"_monsterinsights_skip_tracking":false,"_monsterinsights_sitenote_active":false,"_monsterinsights_sitenote_note":"","_monsterinsights_sitenote_category":0,"footnotes":""},"categories":[6],"tags":[34444,5550],"class_list":["post-509382","post","type-post","status-publish","format-standard","has-post-thumbnail","hentry","category-cd-de-mexico","tag-cdmx","tag-comicios"],"_links":{"self":[{"href":"https:\/\/www.diarioimagen.net\/index.php?rest_route=\/wp\/v2\/posts\/509382","targetHints":{"allow":["GET"]}}],"collection":[{"href":"https:\/\/www.diarioimagen.net\/index.php?rest_route=\/wp\/v2\/posts"}],"about":[{"href":"https:\/\/www.diarioimagen.net\/index.php?rest_route=\/wp\/v2\/types\/post"}],"author":[{"embeddable":true,"href":"https:\/\/www.diarioimagen.net\/index.php?rest_route=\/wp\/v2\/users\/3"}],"replies":[{"embeddable":true,"href":"https:\/\/www.diarioimagen.net\/index.php?rest_route=%2Fwp%2Fv2%2Fcomments&post=509382"}],"version-history":[{"count":0,"href":"https:\/\/www.diarioimagen.net\/index.php?rest_route=\/wp\/v2\/posts\/509382\/revisions"}],"wp:featuredmedia":[{"embeddable":true,"href":"https:\/\/www.diarioimagen.net\/index.php?rest_route=\/wp\/v2\/media\/509485"}],"wp:attachment":[{"href":"https:\/\/www.diarioimagen.net\/index.php?rest_route=%2Fwp%2Fv2%2Fmedia&parent=509382"}],"wp:term":[{"taxonomy":"category","embeddable":true,"href":"https:\/\/www.diarioimagen.net\/index.php?rest_route=%2Fwp%2Fv2%2Fcategories&post=509382"},{"taxonomy":"post_tag","embeddable":true,"href":"https:\/\/www.diarioimagen.net\/index.php?rest_route=%2Fwp%2Fv2%2Ftags&post=509382"}],"curies":[{"name":"wp","href":"https:\/\/api.w.org\/{rel}","templated":true}]}}