{"id":509398,"date":"2021-06-04T00:04:36","date_gmt":"2021-06-04T05:04:36","guid":{"rendered":"https:\/\/www.diarioimagen.net\/?p=509398"},"modified":"2021-06-04T07:24:15","modified_gmt":"2021-06-04T12:24:15","slug":"vacunacion-en-huixquilucan-para-las-mujeres-embarazadas-y-2a-dosis-para-los-de-50-a-59-anos","status":"publish","type":"post","link":"https:\/\/www.diarioimagen.net\/?p=509398","title":{"rendered":"Vacunaci\u00f3n en Huixquilucan para las mujeres embarazadas y 2a. dosis para los de 50 a 59 a\u00f1os"},"content":{"rendered":"<p>&nbsp;<\/p>\n<ul>\n<li><strong><em>En el Complejo Rosa M\u00edstica y la Universidad An\u00e1huac<\/em><\/strong><\/li>\n<\/ul>\n<p>&nbsp;<\/p>\n<div id=\"attachment_509521\" style=\"width: 470px\" class=\"wp-caption aligncenter\"><a href=\"https:\/\/www.diarioimagen.net\/?attachment_id=509521\" rel=\"attachment wp-att-509521\"><img loading=\"lazy\" decoding=\"async\" aria-describedby=\"caption-attachment-509521\" class=\"size-full wp-image-509521\" src=\"https:\/\/www.diarioimagen.net\/wp-content\/uploads\/2021\/06\/huixquilucan-3.jpg\" alt=\"\" width=\"460\" height=\"270\" \/><\/a><p id=\"caption-attachment-509521\" class=\"wp-caption-text\">Contin\u00faa la vacunaci\u00f3n de las personas que acude a pie en el Complejo de salud Rosa M\u00edstica o en autom\u00f3vil, en las instalaciones de la Universidad An\u00e1huac.<\/p><\/div>\n<p>&nbsp;<\/p>\n<p><strong>Huixquilucan, Estado de M\u00e9xico<\/strong>.- En Huixquilucan desde el d\u00eda\u00a0 2 de junio, y hasta 4 de junio, mujeres embarazadas mayores de 18 a\u00f1os, con m\u00e1s de 9 semanas de gestaci\u00f3n podr\u00e1n recibir la primera dosis de la vacuna contra el SARS-Co-V-2, en tanto que los adultos entre 50 y 59 a\u00f1os podr\u00e1n concluir su esquema de vacunaci\u00f3n.<\/p>\n<p>Desde temprana hora, el gobierno municipal de Huixquilucan en coordinaci\u00f3n con los gobiernos federal y del estado de M\u00e9xico, contin\u00faa la inoculaci\u00f3n de las personas que acuden a pie en el Complejo de salud Rosa M\u00edstica o en autom\u00f3vil, en las instalaciones de la Universidad An\u00e1huac.<\/p>\n<p>Cumpliendo las medidas de sanidad correspondientes, en el Complejo Rosa M\u00edstica las y los huixquiluquenses de entre 50 y 59 a\u00f1os, manifestaron su alegr\u00eda al completar su esquema de vacunaci\u00f3n contra el SARS-Cov-2.<\/p>\n<p>Durante este primer d\u00eda de vacunaci\u00f3n, continuamente se desinfectaron los espacios, adem\u00e1s de cuidar la sana distancia entre los asistentes.<\/p>\n<p>Adem\u00e1s del personal de salud estatal, se cont\u00f3 con el apoyo de la Guardia Nacional y servidores p\u00fablicos municipales, asignados a tareas de log\u00edstica.<\/p>\n<p>La aplicaci\u00f3n del ant\u00edgeno continuar\u00e1 en las sedes destinadas para ello, este viernes desde las 9 de la ma\u00f1ana y hasta las 5 de la tarde. Se recomienda acudir hidratados, evitar ayuno prolongado y presentar el comprobante de vacunaci\u00f3n, identificaci\u00f3n con fotograf\u00eda, copia de CURP y comprobante domiciliario.<\/p>\n","protected":false},"excerpt":{"rendered":"<p>En Huixquilucan desde el d\u00eda\u00a0 2 de junio, y hasta 4 de junio, mujeres embarazadas mayores de 18 a\u00f1os, con m\u00e1s de 9 semanas de gestaci\u00f3n podr\u00e1n recibir la primera dosis de la vacuna contra el SARS-Co-V-2, en tanto que los adultos entre 50 y 59 a\u00f1os podr\u00e1n concluir su esquema de vacunaci\u00f3n.<\/p>\n","protected":false},"author":3,"featured_media":509521,"comment_status":"open","ping_status":"open","sticky":false,"template":"","format":"standard","meta":{"_monsterinsights_skip_tracking":false,"_monsterinsights_sitenote_active":false,"_monsterinsights_sitenote_note":"","_monsterinsights_sitenote_category":0,"footnotes":""},"categories":[5],"tags":[43675,1097,1921],"class_list":["post-509398","post","type-post","status-publish","format-standard","has-post-thumbnail","hentry","category-estado-de-mexico","tag-estado-de-mexico","tag-huixquilucan","tag-mujeres"],"_links":{"self":[{"href":"https:\/\/www.diarioimagen.net\/index.php?rest_route=\/wp\/v2\/posts\/509398","targetHints":{"allow":["GET"]}}],"collection":[{"href":"https:\/\/www.diarioimagen.net\/index.php?rest_route=\/wp\/v2\/posts"}],"about":[{"href":"https:\/\/www.diarioimagen.net\/index.php?rest_route=\/wp\/v2\/types\/post"}],"author":[{"embeddable":true,"href":"https:\/\/www.diarioimagen.net\/index.php?rest_route=\/wp\/v2\/users\/3"}],"replies":[{"embeddable":true,"href":"https:\/\/www.diarioimagen.net\/index.php?rest_route=%2Fwp%2Fv2%2Fcomments&post=509398"}],"version-history":[{"count":0,"href":"https:\/\/www.diarioimagen.net\/index.php?rest_route=\/wp\/v2\/posts\/509398\/revisions"}],"wp:featuredmedia":[{"embeddable":true,"href":"https:\/\/www.diarioimagen.net\/index.php?rest_route=\/wp\/v2\/media\/509521"}],"wp:attachment":[{"href":"https:\/\/www.diarioimagen.net\/index.php?rest_route=%2Fwp%2Fv2%2Fmedia&parent=509398"}],"wp:term":[{"taxonomy":"category","embeddable":true,"href":"https:\/\/www.diarioimagen.net\/index.php?rest_route=%2Fwp%2Fv2%2Fcategories&post=509398"},{"taxonomy":"post_tag","embeddable":true,"href":"https:\/\/www.diarioimagen.net\/index.php?rest_route=%2Fwp%2Fv2%2Ftags&post=509398"}],"curies":[{"name":"wp","href":"https:\/\/api.w.org\/{rel}","templated":true}]}}