{"id":509400,"date":"2021-06-04T00:03:04","date_gmt":"2021-06-04T05:03:04","guid":{"rendered":"https:\/\/www.diarioimagen.net\/?p=509400"},"modified":"2021-06-04T07:24:57","modified_gmt":"2021-06-04T12:24:57","slug":"aplican-segunda-dosis-anti-covid-para-personas-de-60-anos-y-mas-en-cuautitlan","status":"publish","type":"post","link":"https:\/\/www.diarioimagen.net\/?p=509400","title":{"rendered":"Aplican segunda dosis anti-Covid para personas de 60 a\u00f1os y m\u00e1s en Cuautitl\u00e1n"},"content":{"rendered":"<p>&nbsp;<\/p>\n<ul>\n<li><strong><em>En las instalaciones de la FES<\/em><\/strong><\/li>\n<\/ul>\n<p>&nbsp;<\/p>\n<div id=\"attachment_509524\" style=\"width: 470px\" class=\"wp-caption aligncenter\"><a href=\"https:\/\/www.diarioimagen.net\/?attachment_id=509524\" rel=\"attachment wp-att-509524\"><img loading=\"lazy\" decoding=\"async\" aria-describedby=\"caption-attachment-509524\" class=\"size-full wp-image-509524\" src=\"https:\/\/www.diarioimagen.net\/wp-content\/uploads\/2021\/06\/cuautitlan-2.jpg\" alt=\"\" width=\"460\" height=\"270\" \/><\/a><p id=\"caption-attachment-509524\" class=\"wp-caption-text\">Se lleva a cabo la aplicaci\u00f3n de la segundad dosis de la vacuna contra Covid para los adultos mayores de 60 a\u00f1os y m\u00e1s, en Cuautitl\u00e1n.<\/p><\/div>\n<p>&nbsp;<\/p>\n<p><strong>Cuautitl\u00e1n, Estado de M\u00e9xico<\/strong>.- En cumplimiento al Programa Nacional de Vacunaci\u00f3n contra la Covid-19 en Cuautitl\u00e1n, se lleva a cabo la aplicaci\u00f3n de la segundad dosis para los adultos mayores de 60 a\u00f1os y m\u00e1s, como parte de las acciones emprendidas para combatir los contagios en el pa\u00eds.<\/p>\n<p>Esta vacunaci\u00f3n se realiza del 2 al 4 de junio en las instalaciones de la Facultad de Estudios Superiores Cuautitl\u00e1n, Campo 4 UNAM, donde se realiz\u00f3 la primera aplicaci\u00f3n y se cuenta con las modalidades de vacunaci\u00f3n a pie en sus accesos por la carretera Cuautitl\u00e1n-Teoloyucan y en veh\u00edculo por la avenida Jim\u00e9nez Gallardo, para facilitar la atenci\u00f3n<\/p>\n<p>El mi\u00e9rcoles 2 de junio acudieron las personas que recibieron la primera dosis el 31 de marzo; el d\u00eda 03 de junio, quienes recibieron la vacunaci\u00f3n el d\u00eda 01 de abril y el 4 de junio. las personas que la recibieron el 02 de abril, en un horario de 09:00 a 17:00 horas.<\/p>\n<p>Las personas que no puedan asistir el d\u00eda que les corresponda lo podr\u00e1n hacer los d\u00edas \u00b4posteriores y se recomienda acudir desayunado, bien hidratado.<\/p>\n<p>Si toma medicamentos hacerlo de forma habitual, usar cubreboca, careta y mantener la sana distancia. Si requiere de apoyo, podr\u00e1 ir acompa\u00f1ado de otra persona cuidando las medidas sanitarias.<\/p>\n<p>Es importante recordarle a la poblaci\u00f3n que recibi\u00f3 su vacuna en esta sede, que deber\u00e1 llevar el comprobante de la primera dosis, comprobante de domicilio, copia del INE y que no es necesario acudir a formarse un d\u00eda antes, ya que se cuenta con las dosis suficientes de acuerdo a la poblaci\u00f3n registrada.<\/p>\n","protected":false},"excerpt":{"rendered":"<p>En cumplimiento al Programa Nacional de Vacunaci\u00f3n contra la Covid-19 en Cuautitl\u00e1n, se lleva a cabo la aplicaci\u00f3n de la segundad dosis para los adultos mayores de 60 a\u00f1os y m\u00e1s, como parte de las acciones emprendidas para combatir los contagios en el pa\u00eds.<\/p>\n","protected":false},"author":3,"featured_media":509524,"comment_status":"open","ping_status":"open","sticky":false,"template":"","format":"standard","meta":{"_monsterinsights_skip_tracking":false,"_monsterinsights_sitenote_active":false,"_monsterinsights_sitenote_note":"","_monsterinsights_sitenote_category":0,"footnotes":""},"categories":[5],"tags":[91936,681,43675],"class_list":["post-509400","post","type-post","status-publish","format-standard","has-post-thumbnail","hentry","category-estado-de-mexico","tag-anti-covid","tag-cuautitlan","tag-estado-de-mexico"],"_links":{"self":[{"href":"https:\/\/www.diarioimagen.net\/index.php?rest_route=\/wp\/v2\/posts\/509400","targetHints":{"allow":["GET"]}}],"collection":[{"href":"https:\/\/www.diarioimagen.net\/index.php?rest_route=\/wp\/v2\/posts"}],"about":[{"href":"https:\/\/www.diarioimagen.net\/index.php?rest_route=\/wp\/v2\/types\/post"}],"author":[{"embeddable":true,"href":"https:\/\/www.diarioimagen.net\/index.php?rest_route=\/wp\/v2\/users\/3"}],"replies":[{"embeddable":true,"href":"https:\/\/www.diarioimagen.net\/index.php?rest_route=%2Fwp%2Fv2%2Fcomments&post=509400"}],"version-history":[{"count":0,"href":"https:\/\/www.diarioimagen.net\/index.php?rest_route=\/wp\/v2\/posts\/509400\/revisions"}],"wp:featuredmedia":[{"embeddable":true,"href":"https:\/\/www.diarioimagen.net\/index.php?rest_route=\/wp\/v2\/media\/509524"}],"wp:attachment":[{"href":"https:\/\/www.diarioimagen.net\/index.php?rest_route=%2Fwp%2Fv2%2Fmedia&parent=509400"}],"wp:term":[{"taxonomy":"category","embeddable":true,"href":"https:\/\/www.diarioimagen.net\/index.php?rest_route=%2Fwp%2Fv2%2Fcategories&post=509400"},{"taxonomy":"post_tag","embeddable":true,"href":"https:\/\/www.diarioimagen.net\/index.php?rest_route=%2Fwp%2Fv2%2Ftags&post=509400"}],"curies":[{"name":"wp","href":"https:\/\/api.w.org\/{rel}","templated":true}]}}