{"id":509404,"date":"2021-06-04T00:05:59","date_gmt":"2021-06-04T05:05:59","guid":{"rendered":"https:\/\/www.diarioimagen.net\/?p=509404"},"modified":"2021-06-07T02:20:21","modified_gmt":"2021-06-07T07:20:21","slug":"termina-etapa-de-inoculacion-para-abuelitos-en-nicolas-romero","status":"publish","type":"post","link":"https:\/\/www.diarioimagen.net\/?p=509404","title":{"rendered":"Termina etapa de inoculaci\u00f3n para abuelitos, en Nicol\u00e1s Romero"},"content":{"rendered":"<p>&nbsp;<\/p>\n<p><a href=\"https:\/\/www.diarioimagen.net\/?attachment_id=509529\" rel=\"attachment wp-att-509529\"><img loading=\"lazy\" decoding=\"async\" class=\"aligncenter size-full wp-image-509529\" src=\"https:\/\/www.diarioimagen.net\/wp-content\/uploads\/2021\/06\/nicolas-romero.jpg\" alt=\"\" width=\"460\" height=\"270\" \/><\/a><\/p>\n<p>&nbsp;<\/p>\n<p><strong>Nicol\u00e1s Romero, Estado de M\u00e9xico<\/strong><strong>.\u2013 <\/strong>Los d\u00edas 2 , 3 y 4 de junio se llev\u00f3 a cabo la segunda dosis de la vacuna contra Covid para adultos mayores en este municipio, en cumplimiento al Programa Nacional de Vacunaci\u00f3n.<\/p>\n<p>La aplicaci\u00f3n del biol\u00f3gico continuar\u00e1 este viernes en las sedes destinadas para ello, desde las 09:00 de la ma\u00f1ana y hasta las 18:00 horas.<\/p>\n<p>&nbsp;<\/p>\n","protected":false},"excerpt":{"rendered":"<p>Los d\u00edas 2 , 3 y 4 de junio se llev\u00f3 a cabo la segunda dosis de la vacuna contra Covid para adultos mayores en este municipio, en cumplimiento al Programa Nacional de Vacunaci\u00f3n.<\/p>\n","protected":false},"author":3,"featured_media":509529,"comment_status":"open","ping_status":"open","sticky":false,"template":"","format":"standard","meta":{"_monsterinsights_skip_tracking":false,"_monsterinsights_sitenote_active":false,"_monsterinsights_sitenote_note":"","_monsterinsights_sitenote_category":0,"footnotes":""},"categories":[5],"tags":[53478,43675,752],"class_list":["post-509404","post","type-post","status-publish","format-standard","has-post-thumbnail","hentry","category-estado-de-mexico","tag-abuelitos","tag-estado-de-mexico","tag-nicolas-romero"],"_links":{"self":[{"href":"https:\/\/www.diarioimagen.net\/index.php?rest_route=\/wp\/v2\/posts\/509404","targetHints":{"allow":["GET"]}}],"collection":[{"href":"https:\/\/www.diarioimagen.net\/index.php?rest_route=\/wp\/v2\/posts"}],"about":[{"href":"https:\/\/www.diarioimagen.net\/index.php?rest_route=\/wp\/v2\/types\/post"}],"author":[{"embeddable":true,"href":"https:\/\/www.diarioimagen.net\/index.php?rest_route=\/wp\/v2\/users\/3"}],"replies":[{"embeddable":true,"href":"https:\/\/www.diarioimagen.net\/index.php?rest_route=%2Fwp%2Fv2%2Fcomments&post=509404"}],"version-history":[{"count":0,"href":"https:\/\/www.diarioimagen.net\/index.php?rest_route=\/wp\/v2\/posts\/509404\/revisions"}],"wp:featuredmedia":[{"embeddable":true,"href":"https:\/\/www.diarioimagen.net\/index.php?rest_route=\/wp\/v2\/media\/509529"}],"wp:attachment":[{"href":"https:\/\/www.diarioimagen.net\/index.php?rest_route=%2Fwp%2Fv2%2Fmedia&parent=509404"}],"wp:term":[{"taxonomy":"category","embeddable":true,"href":"https:\/\/www.diarioimagen.net\/index.php?rest_route=%2Fwp%2Fv2%2Fcategories&post=509404"},{"taxonomy":"post_tag","embeddable":true,"href":"https:\/\/www.diarioimagen.net\/index.php?rest_route=%2Fwp%2Fv2%2Ftags&post=509404"}],"curies":[{"name":"wp","href":"https:\/\/api.w.org\/{rel}","templated":true}]}}