{"id":509452,"date":"2021-06-04T00:12:37","date_gmt":"2021-06-04T05:12:37","guid":{"rendered":"https:\/\/www.diarioimagen.net\/?p=509452"},"modified":"2021-06-07T03:45:00","modified_gmt":"2021-06-07T08:45:00","slug":"sistema-politico-y-electoral-agotado","status":"publish","type":"post","link":"https:\/\/www.diarioimagen.net\/?p=509452","title":{"rendered":"Sistema pol\u00edtico y electoral, agotado"},"content":{"rendered":"<h2>Tras la puerta del poder<\/h2>\n<h5>Roberto Vizca\u00edno<\/h5>\n<p>&nbsp;<\/p>\n<p>S\u00ed algo nos dej\u00f3 m\u00e1s que claro este proceso electoral, es el evidente agotamiento del sistema pol\u00edtico. Simplemente no da para m\u00e1s.<\/p>\n<p>Cada vez nos hundimos m\u00e1s en un modelo presidencialista que nos hace girar interminablemente alrededor de la b\u00fasqueda y construcci\u00f3n de un hombre fuerte, que salve a la patria.<\/p>\n<p>Un personaje que inevitablemente anula y pasa por sobre los otros poderes y que consume sus 6 a\u00f1os en la ineficiencia o la corrupci\u00f3n o en la abierta amenaza del establecimiento de la autocracia, como ocurre hoy.<\/p>\n<p>A m\u00e1s de 100 a\u00f1os de la Revoluci\u00f3n y a m\u00e1s de 200 de nuestra Independencia no damos pie con bola. Seguimos inmersos en una permanente disputa por la Naci\u00f3n sin siquiera lograr construir no digamos un r\u00e9gimen democr\u00e1tico, sino partidos pol\u00edticos integrados por liderazgos profesionales \u00e9ticos, dignos, que ante derrotas dejen libre el espacio para nuevos mandos con nuevas propuestas.<\/p>\n<p>Aqu\u00ed, los liderazgos partidarios se eternizan y controlan a los partidos como si fuesen sus parcelas personales. Bueno, hasta los heredan a sus hijos y otros parientes.<\/p>\n<p>Ah\u00ed est\u00e1n el senador <strong>Dante Delgado<\/strong> en control de lo que fue Convergencia y hoy es Movimiento Ciudadano, que \u00e9l mismo ide\u00f3 y registr\u00f3. <strong>Alberto Anaya<\/strong> y su prole en el Partido del Trabajo. <strong>Elba Esther Gordillo<\/strong> quien, con su hija, yerno y hasta nietos, entra ahora a la arena electoral y pol\u00edtica con el Partido Redes Sociales una r\u00e9plica de lo que fue Nueva Alianza.<\/p>\n<p>Habr\u00eda que echarle una mirada a la lista de <em>pluris<\/em> de Morena, Verde, PRI, PAN y PRD para ver c\u00f3mo brotan los nombres de hijos, colaboradores y parientes de sus dirigencias.<\/p>\n<p>El reparto institucionalizado del bot\u00edn nacional a trav\u00e9s de la promoci\u00f3n de cargos p\u00fablicos con presupuestos multimillonarios y con prerrogativas partidarias que cada a\u00f1o llegan a los 500, 800 o 1,500 o m\u00e1s de millones de pesos haya o no elecciones.<\/p>\n<p>Un juego perverso del que todos los que est\u00e1n en la pol\u00edtica y el poder se quejan pero del que nadie se sale.<\/p>\n<p>Es f\u00e1cil de entender que no hay intenci\u00f3n de cambio ni transformaci\u00f3n.<\/p>\n<p>En el a\u00f1o 2000 lleg\u00f3 <strong>Vicente Fox<\/strong> con la m\u00e1s alta legitimidad, m\u00e1s a\u00fan que la que consigui\u00f3 <strong>Andr\u00e9s Manuel L\u00f3pez Obrador<\/strong> en 2018. El panista no hizo nada por ir a otro modelo de sistema. <strong>AMLO<\/strong> tampoco. El tabasque\u00f1o habla mucho, pero ya se le fueron casi 3 a\u00f1os de sus 6 de gobierno y no ha hecho nada.<\/p>\n<p>Continuamos con el mismo modelo pol\u00edtico y econ\u00f3mico, social, agotad\u00edsimo, rebasad\u00edsimo.<\/p>\n<p style=\"text-align: center;\"><strong>Propuestas<\/strong><\/p>\n<p>Los \u00fanicos que han planteado la necesidad de ir a una verdadera transformaci\u00f3n del Estado son: el diputado <strong>Porfirio Mu\u00f1oz Ledo<\/strong>, a quien ya <strong>L\u00f3pez Obrador<\/strong> sac\u00f3 de la jugada, al impedirle su reelecci\u00f3n, y <strong>Ricardo Monreal, <\/strong>quien ya ha adelantado que pase lo que pase este domingo, ir\u00e1 por una reforma pol\u00edtico-electoral a fondo.<\/p>\n<p>El zacatecano habla sin que ninguno de sus pares le haga mucho eco de instaurar el uso de urnas electr\u00f3nicas y de herramientas digitales, de la web, para no s\u00f3lo abatir costos, sino para garantizar certeza en la elecci\u00f3n presidencial y general de 2024.<\/p>\n<p>Al parejo, se requiere ir a un debate del cambio de modelo pol\u00edtico hacia un r\u00e9gimen semiparlamentario, socialdem\u00f3crata, con quiz\u00e1 la creaci\u00f3n de la figura de Primer Ministro, con menos <em>pluris<\/em> y con mecanismos que eviten el <em>jineteo,<\/em> traspaso, <em>trampolineo<\/em> de senadores y diputados de una bancada a otra, y que en lugar de todo esto se d\u00e9 paso a un verdadero juego de pesos y contrapesos legislativo.<\/p>\n<p>Se requiere pues, de otro modelo. Uno que nos aleje definitivamente de la tentaci\u00f3n del hombre fuerte, del predominio del aut\u00f3crata, y que de paso a una pluralidad que realmente refleje lo que somos los mexicanos.<\/p>\n<p>Esto es lo que, creo yo, nos ha dejado enfrente estas elecciones.<\/p>\n<p style=\"text-align: center;\"><strong>Movimientos de \u00faltima hora<\/strong><\/p>\n<p>De \u00faltima hora en BC, <strong>Jorge Hank<\/strong> suma a <strong>Rafael Figueroa S\u00e1nchez<\/strong>, cuadro sobresaliente de la contraparte.<\/p>\n<p><em><a href=\"mailto:rvizcainoa@gmail.com\" target=\"_blank\" rel=\"noopener noreferrer\">rvizcainoa@gmail.com<\/a><br \/>\n<u><a href=\"http:\/\/endirecto.mx\" target=\"_blank\" rel=\"noopener noreferrer\">www.endirecto.mx<\/a><br \/>\n<a href=\"https:\/\/twitter.com\/_rvizcaino\" target=\"_blank\" rel=\"noopener noreferrer\">@_RVizcaino<\/a><br \/>\n<a href=\"https:\/\/www.facebook.com\/rvizcainoa\" target=\"_blank\" rel=\"noopener noreferrer\">facebook.com\/rvizcainoa<\/a><\/u><\/em><\/p>\n","protected":false},"excerpt":{"rendered":"<p><span style=\"color: #005497;\"><strong>Roberto Vizca\u00edno<\/strong><\/span><br \/>\n<br \/>\nS\u00ed algo nos dej\u00f3 m\u00e1s que claro este proceso electoral, es el evidente agotamiento del sistema pol\u00edtico. Simplemente no da para m\u00e1s.<\/p>\n","protected":false},"author":3,"featured_media":0,"comment_status":"open","ping_status":"open","sticky":false,"template":"","format":"standard","meta":{"_monsterinsights_skip_tracking":false,"_monsterinsights_sitenote_active":false,"_monsterinsights_sitenote_note":"","_monsterinsights_sitenote_category":0,"footnotes":""},"categories":[136],"tags":[43674,93,94],"class_list":["post-509452","post","type-post","status-publish","format-standard","hentry","category-roberto-vizcaino-opinion","tag-opinion","tag-roberto-vizcaino","tag-tras-la-puerta-del-poder"],"_links":{"self":[{"href":"https:\/\/www.diarioimagen.net\/index.php?rest_route=\/wp\/v2\/posts\/509452","targetHints":{"allow":["GET"]}}],"collection":[{"href":"https:\/\/www.diarioimagen.net\/index.php?rest_route=\/wp\/v2\/posts"}],"about":[{"href":"https:\/\/www.diarioimagen.net\/index.php?rest_route=\/wp\/v2\/types\/post"}],"author":[{"embeddable":true,"href":"https:\/\/www.diarioimagen.net\/index.php?rest_route=\/wp\/v2\/users\/3"}],"replies":[{"embeddable":true,"href":"https:\/\/www.diarioimagen.net\/index.php?rest_route=%2Fwp%2Fv2%2Fcomments&post=509452"}],"version-history":[{"count":0,"href":"https:\/\/www.diarioimagen.net\/index.php?rest_route=\/wp\/v2\/posts\/509452\/revisions"}],"wp:attachment":[{"href":"https:\/\/www.diarioimagen.net\/index.php?rest_route=%2Fwp%2Fv2%2Fmedia&parent=509452"}],"wp:term":[{"taxonomy":"category","embeddable":true,"href":"https:\/\/www.diarioimagen.net\/index.php?rest_route=%2Fwp%2Fv2%2Fcategories&post=509452"},{"taxonomy":"post_tag","embeddable":true,"href":"https:\/\/www.diarioimagen.net\/index.php?rest_route=%2Fwp%2Fv2%2Ftags&post=509452"}],"curies":[{"name":"wp","href":"https:\/\/api.w.org\/{rel}","templated":true}]}}