{"id":509541,"date":"2021-06-07T00:02:31","date_gmt":"2021-06-07T05:02:31","guid":{"rendered":"https:\/\/www.diarioimagen.net\/?p=509541"},"modified":"2021-06-08T04:50:57","modified_gmt":"2021-06-08T09:50:57","slug":"impartidores-de-justicia-del-pjcdmx-cumplen-guardias-en-jornada-electoral","status":"publish","type":"post","link":"https:\/\/www.diarioimagen.net\/?p=509541","title":{"rendered":"Impartidores de justicia del PJCDMX cumplen guardias en jornada electoral"},"content":{"rendered":"<p>&nbsp;<\/p>\n<ul>\n<li><strong><em>Jueces estuvieron disponibles para atender eventos en los que resultase necesaria su intervenci\u00f3n, en t\u00e9rminos de lo que marca la Ley General de Instituciones y Procedimientos Electorales.<\/em><\/strong><\/li>\n<li><strong><em>En tiempo y forma se instal\u00f3 casilla en la explanada del edificio de Ni\u00f1os H\u00e9roes 132, donde el presidente del \u00f3rgano judicial, magistrado Rafael Guerra, estuvo para brindar el apoyo necesario a la autoridad electoral y ciudadanos<\/em><\/strong><\/li>\n<\/ul>\n<p>&nbsp;<\/p>\n<div id=\"attachment_509644\" style=\"width: 470px\" class=\"wp-caption aligncenter\"><a href=\"https:\/\/www.diarioimagen.net\/?attachment_id=509644\" rel=\"attachment wp-att-509644\"><img loading=\"lazy\" decoding=\"async\" aria-describedby=\"caption-attachment-509644\" class=\"size-full wp-image-509644\" src=\"https:\/\/www.diarioimagen.net\/wp-content\/uploads\/2021\/06\/tribunal-1.jpg\" alt=\"\" width=\"460\" height=\"270\" \/><\/a><p id=\"caption-attachment-509644\" class=\"wp-caption-text\">El presidente del Poder Judicial de la Ciudad de M\u00e9xico, magistrado Rafael Guerra \u00c1lvarez, estuvo en la casilla instalada en la explanada del inmueble de Ni\u00f1os H\u00e9roes 132, para brindar el apoyo necesario a la autoridad electoral y ciudadanos que se hicieron cargo del centro de votaci\u00f3n.<\/p><\/div>\n<p>&nbsp;<\/p>\n<p>Durante la jornada electoral de ayer, impartidores de justicia de las materias penal, civil y familiar del Poder Judicial de la Ciudad de M\u00e9xico cumplieron guardias ordenadas por el Consejo de la Judicatura de la Ciudad de M\u00e9xico, con el prop\u00f3sito de atender eventos en los que resultase necesaria su intervenci\u00f3n, en los t\u00e9rminos que marca la Ley General de Instituciones y Procedimientos Electorales.<\/p>\n<p>Asimismo, en tiempo y forma se instal\u00f3 la casilla B\u00e1sica y Contigua 1, correspondiente a la secci\u00f3n 4763, en la explanada del inmueble del Poder Judicial de la Ciudad de M\u00e9xico (PJCDMX) de Ni\u00f1os H\u00e9roes 132, colonia Doctores, alcald\u00eda de Cuauht\u00e9moc, en donde estuvo el presidente del \u00f3rgano judicial capitalino, magistrado Rafael Guerra \u00c1lvarez, para brindar el apoyo necesario a la autoridad electoral y a los ciudadanos que se hicieron cargo de ese centro de votaci\u00f3n.<\/p>\n<p>Durante la jornada, el magistrado Guerra \u00c1lvarez, agradeci\u00f3 a las autoridades del Instituto Nacional Electoral y del Instituto Electoral de la Ciudad de M\u00e9xico por su ardua labor y compromiso.<\/p>\n","protected":false},"excerpt":{"rendered":"<p>Durante la jornada electoral de ayer, impartidores de justicia de las materias penal, civil y familiar del Poder Judicial de la Ciudad de M\u00e9xico cumplieron guardias ordenadas por el Consejo de la Judicatura de la Ciudad de M\u00e9xico, con el prop\u00f3sito de atender eventos en los que resultase necesaria su intervenci\u00f3n, en los t\u00e9rminos que marca la Ley General de Instituciones y Procedimientos Electorales.<\/p>\n","protected":false},"author":3,"featured_media":509644,"comment_status":"open","ping_status":"open","sticky":false,"template":"","format":"standard","meta":{"_monsterinsights_skip_tracking":false,"_monsterinsights_sitenote_active":false,"_monsterinsights_sitenote_note":"","_monsterinsights_sitenote_category":0,"footnotes":""},"categories":[6],"tags":[20804,87379],"class_list":["post-509541","post","type-post","status-publish","format-standard","has-post-thumbnail","hentry","category-cd-de-mexico","tag-jornada-electoral","tag-pjcdmx"],"_links":{"self":[{"href":"https:\/\/www.diarioimagen.net\/index.php?rest_route=\/wp\/v2\/posts\/509541","targetHints":{"allow":["GET"]}}],"collection":[{"href":"https:\/\/www.diarioimagen.net\/index.php?rest_route=\/wp\/v2\/posts"}],"about":[{"href":"https:\/\/www.diarioimagen.net\/index.php?rest_route=\/wp\/v2\/types\/post"}],"author":[{"embeddable":true,"href":"https:\/\/www.diarioimagen.net\/index.php?rest_route=\/wp\/v2\/users\/3"}],"replies":[{"embeddable":true,"href":"https:\/\/www.diarioimagen.net\/index.php?rest_route=%2Fwp%2Fv2%2Fcomments&post=509541"}],"version-history":[{"count":0,"href":"https:\/\/www.diarioimagen.net\/index.php?rest_route=\/wp\/v2\/posts\/509541\/revisions"}],"wp:featuredmedia":[{"embeddable":true,"href":"https:\/\/www.diarioimagen.net\/index.php?rest_route=\/wp\/v2\/media\/509644"}],"wp:attachment":[{"href":"https:\/\/www.diarioimagen.net\/index.php?rest_route=%2Fwp%2Fv2%2Fmedia&parent=509541"}],"wp:term":[{"taxonomy":"category","embeddable":true,"href":"https:\/\/www.diarioimagen.net\/index.php?rest_route=%2Fwp%2Fv2%2Fcategories&post=509541"},{"taxonomy":"post_tag","embeddable":true,"href":"https:\/\/www.diarioimagen.net\/index.php?rest_route=%2Fwp%2Fv2%2Ftags&post=509541"}],"curies":[{"name":"wp","href":"https:\/\/api.w.org\/{rel}","templated":true}]}}