{"id":509553,"date":"2021-06-07T00:01:52","date_gmt":"2021-06-07T05:01:52","guid":{"rendered":"https:\/\/www.diarioimagen.net\/?p=509553"},"modified":"2021-06-07T04:59:06","modified_gmt":"2021-06-07T09:59:06","slug":"condenan-la-agresion-a-raciel-perez-cruz-candidato-de-morena-y-aliados-en-tlalnepantla","status":"publish","type":"post","link":"https:\/\/www.diarioimagen.net\/?p=509553","title":{"rendered":"Condenan la agresi\u00f3n a Raciel P\u00e9rez Cruz, candidato de Morena y aliados en Tlalnepantla"},"content":{"rendered":"<p>&nbsp;<\/p>\n<ul>\n<li><strong><em>Intentos de trastocar la fiesta democr\u00e1tica<\/em><\/strong><\/li>\n<\/ul>\n<p>&nbsp;<\/p>\n<p><a href=\"https:\/\/www.diarioimagen.net\/?attachment_id=509666\" rel=\"attachment wp-att-509666\"><img loading=\"lazy\" decoding=\"async\" class=\"aligncenter size-full wp-image-509666\" src=\"https:\/\/www.diarioimagen.net\/wp-content\/uploads\/2021\/06\/tlalnepantla-2.jpg\" alt=\"\" width=\"460\" height=\"270\" \/><\/a><\/p>\n<p>&nbsp;<\/p>\n<p><strong>Tlalnepantla, Estado de M\u00e9xico<\/strong>.- La militancia de Morena en Tlalnepantla condenaron el atentado que sufri\u00f3 en su hogar el candidato a Presidente Municipal, Raciel P\u00e9rez Cruz.<\/p>\n<p>En ese sentido, hicieron un llamado al gobernador del Estado de M\u00e9xico a garantizar la seguridad de \u201cnuestro compa\u00f1ero, y a tomar las acciones necesarias\u201d.<\/p>\n<p>\u201cEs lamentable que en medio de la veda electoral algunos actores pol\u00edticos se hayan expresado con desesperaci\u00f3n y de manera violenta, con la intenci\u00f3n de trastocar la fiesta democr\u00e1tica del domingo 6 de junio, donde millones de mexicanos y mexiquenses eligieron a nuestros gobernantes\u201d.<\/p>\n<p>Reiteraron que son las urnas, y no las armas, el camino para realizar los cambios en la vida p\u00fablica de nuestra Naci\u00f3n y nuestro municipio.<\/p>\n<p>Finalmente, apuntaron que Morena exige a la Fiscal\u00eda del Estado de M\u00e9xico \u201cinvestigar los hechos y castigar a los responsables de este cobarde atentado contra nuestro candidato, porque nunca m\u00e1s un Tlalnepantla con miedo\u201d.<\/p>\n","protected":false},"excerpt":{"rendered":"<p>La militancia de Morena en Tlalnepantla condenaron el atentado que sufri\u00f3 en su hogar el candidato a Presidente Municipal, Raciel P\u00e9rez Cruz.<\/p>\n","protected":false},"author":3,"featured_media":509666,"comment_status":"open","ping_status":"open","sticky":false,"template":"","format":"standard","meta":{"_monsterinsights_skip_tracking":false,"_monsterinsights_sitenote_active":false,"_monsterinsights_sitenote_note":"","_monsterinsights_sitenote_category":0,"footnotes":""},"categories":[5],"tags":[43675,81517,169],"class_list":["post-509553","post","type-post","status-publish","format-standard","has-post-thumbnail","hentry","category-estado-de-mexico","tag-estado-de-mexico","tag-raciel-perez-cruz","tag-tlalnepantla"],"_links":{"self":[{"href":"https:\/\/www.diarioimagen.net\/index.php?rest_route=\/wp\/v2\/posts\/509553","targetHints":{"allow":["GET"]}}],"collection":[{"href":"https:\/\/www.diarioimagen.net\/index.php?rest_route=\/wp\/v2\/posts"}],"about":[{"href":"https:\/\/www.diarioimagen.net\/index.php?rest_route=\/wp\/v2\/types\/post"}],"author":[{"embeddable":true,"href":"https:\/\/www.diarioimagen.net\/index.php?rest_route=\/wp\/v2\/users\/3"}],"replies":[{"embeddable":true,"href":"https:\/\/www.diarioimagen.net\/index.php?rest_route=%2Fwp%2Fv2%2Fcomments&post=509553"}],"version-history":[{"count":0,"href":"https:\/\/www.diarioimagen.net\/index.php?rest_route=\/wp\/v2\/posts\/509553\/revisions"}],"wp:featuredmedia":[{"embeddable":true,"href":"https:\/\/www.diarioimagen.net\/index.php?rest_route=\/wp\/v2\/media\/509666"}],"wp:attachment":[{"href":"https:\/\/www.diarioimagen.net\/index.php?rest_route=%2Fwp%2Fv2%2Fmedia&parent=509553"}],"wp:term":[{"taxonomy":"category","embeddable":true,"href":"https:\/\/www.diarioimagen.net\/index.php?rest_route=%2Fwp%2Fv2%2Fcategories&post=509553"},{"taxonomy":"post_tag","embeddable":true,"href":"https:\/\/www.diarioimagen.net\/index.php?rest_route=%2Fwp%2Fv2%2Ftags&post=509553"}],"curies":[{"name":"wp","href":"https:\/\/api.w.org\/{rel}","templated":true}]}}