{"id":509555,"date":"2021-06-07T00:02:05","date_gmt":"2021-06-07T05:02:05","guid":{"rendered":"https:\/\/www.diarioimagen.net\/?p=509555"},"modified":"2021-06-07T05:00:13","modified_gmt":"2021-06-07T10:00:13","slug":"suma-naucalpan-mas-de-66-mil-adultos-mayores-con-segunda-dosis-de-vacuna","status":"publish","type":"post","link":"https:\/\/www.diarioimagen.net\/?p=509555","title":{"rendered":"Suma Naucalpan m\u00e1s de 66 mil adultos mayores con segunda dosis de vacuna"},"content":{"rendered":"<p>&nbsp;<\/p>\n<ul>\n<li><strong><em>Esta semana continuar\u00e1 inmunizaci\u00f3n<\/em><\/strong><\/li>\n<\/ul>\n<p>&nbsp;<\/p>\n<div id=\"attachment_509669\" style=\"width: 470px\" class=\"wp-caption aligncenter\"><a href=\"https:\/\/www.diarioimagen.net\/?attachment_id=509669\" rel=\"attachment wp-att-509669\"><img loading=\"lazy\" decoding=\"async\" aria-describedby=\"caption-attachment-509669\" class=\"size-full wp-image-509669\" src=\"https:\/\/www.diarioimagen.net\/wp-content\/uploads\/2021\/06\/naucalpan-3.jpg\" alt=\"\" width=\"460\" height=\"270\" \/><\/a><p id=\"caption-attachment-509669\" class=\"wp-caption-text\">El lunes y el martes continuar\u00e1 la aplicaci\u00f3n de la segunda dosis de la vacuna a adultos mayores en Naucalpan.<\/p><\/div>\n<p>&nbsp;<\/p>\n<p><strong>Naucalpan, Estado de M\u00e9xico<\/strong>.- En Naucalpan, 66 mil 302 personas de 60 a\u00f1os y m\u00e1s han recibido la segunda dosis de la vacuna contra Covid-19.<\/p>\n<p>El tercer d\u00eda de inoculaci\u00f3n, concluy\u00f3 sin contratiempos y con 18 mil 652 Naucalpenses en este rango de edad con su esquema de vacunaci\u00f3n completo.<\/p>\n<p>Entre las 7:30 y las 8:00 horas, personal de salud inyect\u00f3 en cinco m\u00f3dulos el biol\u00f3gico a las personas adultas mayores cuyo primer apellido comienza con las letras H, I, J, K, L y M.<\/p>\n<p>En el Parque Naucalli, el estacionamiento de la Universidad del Valle de M\u00e9xico (UVM) Lomas Verdes, la Plaza C\u00edvica de San Mateo Nopala, la Escuela Primaria \u201cAn\u00e1huac\u201d de Loma Colorada y el Deportivo Benito Ju\u00e1rez, la jornada se desarroll\u00f3 con fluidez, con tiempos de espera de entre 15 y 30 minutos.<\/p>\n<p>A pesar de que hubo lluvia en distintos lapsos, la inmunizaci\u00f3n no se interrumpi\u00f3: se protegi\u00f3 a los asistentes con carpas y se les mantuvo a buen resguardo hasta que la precipitaci\u00f3n disminuy\u00f3.<\/p>\n<p>El lunes y el martes continuar\u00e1 la aplicaci\u00f3n de la segunda dosis de la vacuna a adultos mayores cuya letra inicial del primer apellido sea:<\/p>\n<ul>\n<li>N, \u00d1, O, P, Q, R: lunes 7 de junio<\/li>\n<li>S, T, U, V, W, X, Y, Z: martes 8 de junio<\/li>\n<\/ul>\n<p>Adicionalmente, el 8 de junio se instalar\u00e1n m\u00f3dulos en San Francisco Chimalpa y Santiago Tepatlaxco para atender a la poblaci\u00f3n local.<\/p>\n<p>A fin de agilizar el proceso, el Gobierno de Naucalpan record\u00f3 a la poblaci\u00f3n presentar los siguientes documentos cuando acuda a recibir el biol\u00f3gico: comprobante de la primera aplicaci\u00f3n, identificaci\u00f3n oficial (INE o Inapam), comprobante de domicilio reciente y el formato para la segunda dosis debidamente llenado, el cual deben descargar en: https:\/\/ pruebas. naucalpan.gob.mx\/prellenado\/.<\/p>\n","protected":false},"excerpt":{"rendered":"<p>En Naucalpan, 66 mil 302 personas de 60 a\u00f1os y m\u00e1s han recibido la segunda dosis de la vacuna contra Covid-19.<\/p>\n","protected":false},"author":3,"featured_media":509669,"comment_status":"open","ping_status":"open","sticky":false,"template":"","format":"standard","meta":{"_monsterinsights_skip_tracking":false,"_monsterinsights_sitenote_active":false,"_monsterinsights_sitenote_note":"","_monsterinsights_sitenote_category":0,"footnotes":""},"categories":[5],"tags":[43675,970],"class_list":["post-509555","post","type-post","status-publish","format-standard","has-post-thumbnail","hentry","category-estado-de-mexico","tag-estado-de-mexico","tag-naucalpan"],"_links":{"self":[{"href":"https:\/\/www.diarioimagen.net\/index.php?rest_route=\/wp\/v2\/posts\/509555","targetHints":{"allow":["GET"]}}],"collection":[{"href":"https:\/\/www.diarioimagen.net\/index.php?rest_route=\/wp\/v2\/posts"}],"about":[{"href":"https:\/\/www.diarioimagen.net\/index.php?rest_route=\/wp\/v2\/types\/post"}],"author":[{"embeddable":true,"href":"https:\/\/www.diarioimagen.net\/index.php?rest_route=\/wp\/v2\/users\/3"}],"replies":[{"embeddable":true,"href":"https:\/\/www.diarioimagen.net\/index.php?rest_route=%2Fwp%2Fv2%2Fcomments&post=509555"}],"version-history":[{"count":0,"href":"https:\/\/www.diarioimagen.net\/index.php?rest_route=\/wp\/v2\/posts\/509555\/revisions"}],"wp:featuredmedia":[{"embeddable":true,"href":"https:\/\/www.diarioimagen.net\/index.php?rest_route=\/wp\/v2\/media\/509669"}],"wp:attachment":[{"href":"https:\/\/www.diarioimagen.net\/index.php?rest_route=%2Fwp%2Fv2%2Fmedia&parent=509555"}],"wp:term":[{"taxonomy":"category","embeddable":true,"href":"https:\/\/www.diarioimagen.net\/index.php?rest_route=%2Fwp%2Fv2%2Fcategories&post=509555"},{"taxonomy":"post_tag","embeddable":true,"href":"https:\/\/www.diarioimagen.net\/index.php?rest_route=%2Fwp%2Fv2%2Ftags&post=509555"}],"curies":[{"name":"wp","href":"https:\/\/api.w.org\/{rel}","templated":true}]}}