{"id":509592,"date":"2021-06-07T00:02:25","date_gmt":"2021-06-07T05:02:25","guid":{"rendered":"https:\/\/www.diarioimagen.net\/?p=509592"},"modified":"2021-06-07T03:21:18","modified_gmt":"2021-06-07T08:21:18","slug":"gran-participacion-ciudadana-en-elecciones","status":"publish","type":"post","link":"https:\/\/www.diarioimagen.net\/?p=509592","title":{"rendered":"Gran participaci\u00f3n ciudadana en elecciones"},"content":{"rendered":"<h2>La Retaguardia<\/h2>\n<h5>Adriana Moreno Cordero<\/h5>\n<p>&nbsp;<\/p>\n<ul>\n<li><strong><em>En el colmo, morenistas hacen como que le \u201cperdonan la vida\u201d al INE<\/em><\/strong><\/li>\n<\/ul>\n<p>&nbsp;<\/p>\n<p>Sin duda, lo rescatable de esta trascendental elecci\u00f3n y que hay que valorar, es la gran y enorme participaci\u00f3n que tuvo la ciudadan\u00eda. En los c\u00e1lculos previos, se estimaba que podr\u00eda haber una participaci\u00f3n que rebasar\u00eda el 50 por ciento, pero al parecer, el abstencionismo se reducir\u00e1 de manera muy sensible y eso, es para bien del pa\u00eds.<\/p>\n<p>Tambi\u00e9n es digno de reconocer que quienes acudieron a sufragar, respetaron al m\u00e1ximo las medidas sanitarias porque hay que recordar, estos comicios fueron in\u00e9ditos porque se llevaron a cabo en medio de la pandemia por Covid-19, con todo y que por cierto, el gobierno de esta llamada Cuarta Transformaci\u00f3n, en muchos estados y en la capital de la Rep\u00fablica, de plano forz\u00f3 el sem\u00e1foro epidemiol\u00f3gico para colocarlo en verde con evidentes fines pol\u00edticos.<\/p>\n<p>Adem\u00e1s estos fueron los primeros comicios en los que las \u201cex benditas redes sociales\u201d, tuvieron una activa participaci\u00f3n para llamar al voto y desde luego, ello contribuy\u00f3 a la participaci\u00f3n ciudadana.<\/p>\n<p>En un primer balance, el consejero-presidente del INE, <strong>Lorenzo C\u00f3rdova<\/strong>, calific\u00f3 estas elecciones como un ejercicio ejemplar y \u00fanicamente 14 casillas no se pudieron instalar en Zacatecas, Chiapas y Oaxaca. O sea, el 94.92 por ciento de las casillas abrieron y en muchas de ellas, hab\u00eda desde temprano, gente formando largas filas.<\/p>\n<p>No dej\u00f3 de llamar la atenci\u00f3n, que los distinguidos integrantes de esta llamada Cuarta Transformaci\u00f3n, siguieron la misma actitud que su jefe, el presidente <strong>Andr\u00e9s Manuel L\u00f3pez Obrador<\/strong>, es decir, como que le \u201cperdonaron la vida\u201d al INE y se dignaron a darle una segunda oportunidad.<\/p>\n<p>En el colmo, el dirigente nacional de Morena, <strong>Mario Mart\u00edn Delgado<\/strong>, declar\u00f3 despu\u00e9s de votar en la alcald\u00eda de Iztacalco, que \u201cel INE tiene la gran oportunidad de reivindicarse como el gran \u00e1rbitro que est\u00e1 a la altura del deseo del pueblo de M\u00e9xico de vivir en una aut\u00e9ntica democracia\u201d. \u00bfAcaso se le olvida al l\u00edder morenista que el primero en polemizar y polarizar fue el inquilino de Palacio Nacional? Afortunadamente, ninguno de los miembros del INE le \u201ccompraron\u201d el pleito al tabasque\u00f1o que -igualmente hay que recordarlo-, siempre viol\u00f3 la ley electoral y se entrometi\u00f3 a favor de los candidatos de su partido.<\/p>\n<p>No deja de llamar a sorpresa tambi\u00e9n que el impresentable <strong>F\u00e9lix Salgado Macedonio<\/strong>, como si fuera \u00e9l el candidato, se sum\u00f3 a la actitud de Delgado Carrillo y dijo confiar en los organizadores de estas elecciones. \u00bfAcaso al \u201ctoro sin cerca\u201d ya se le olvid\u00f3 las amenazas que les lanz\u00f3 a los consejeros del INE, especialmente al doctor C\u00f3rdova y a <strong>Ciro Murayama<\/strong>?, ahora parece que los morenistas tiene corta memoria. La v\u00edspera de estos comicios fundamentales, los seguidores del tabasque\u00f1o se la han pasado \u201ccantando\u201d el fraude electoral, si es acaso que los resultados no les favorecen.<\/p>\n<p>Y quien a la hora de sufragar llev\u00f3 la contra a su discurso fue precisamente el presidente L\u00f3pez Obrador, no es lo mismo decir, que hacer. M\u00e1s de uno se qued\u00f3 con las ganas de preguntarle: \u00bfno que el pueblo \u201cbueno y sabio\u201d lo cuida?, \u00bfno que ya no hab\u00eda vallas del Estado Mayor Presidencial ni granaderos?; \u00bfno que las puertas de Palacio Nacional estaban abiertas para cualquiera?<\/p>\n<p>Lo anterior porque de manera por dem\u00e1s misteriosa, el primer cuadro de la Ciudad de M\u00e9xico amaneci\u00f3 cerrado, amurallado para el que el distinguido inquilino de Palacio Nacional fuera el primero en votar, as\u00ed que aquellos ciudadanos que ten\u00edan la intenci\u00f3n de hacerlo temprano, se quedaron con las ganas porque tuvieron que esperar a que el tabasque\u00f1o, acompa\u00f1ado por su esposa, <strong>Beatriz Guti\u00e9rrez M\u00fcller<\/strong>, hiciera lo propio, levantara la mano, de manera no tan entusiasta, por cierto, e igualmente arengara un tibio \u201cviva la democracia\u201d. Muy probablemente al paso de las horas, el inquilino de Palacio Nacional tendr\u00e1 el atrevimiento de decir que \u00e9l fue el m\u00e1ximo \u00e1rbitro electoral.<\/p>\n<p>Luego sigui\u00f3 la espera de los conteos r\u00e1pidos y de las tendencias y como dijera el ex consejero presidente del INE, <strong>Luis Carlos Ugalde<\/strong> y diversos analistas coinciden en ello: lo bueno vendr\u00e1 despu\u00e9s, cuando estos ejemplares comicios se judicialicen y en la mayor\u00eda, Morena estar\u00e1 a cargo.<\/p>\n<p style=\"text-align: center;\"><strong>Municiones<\/strong><\/p>\n<p>*** \u00a0El Consejo Mundial de Boxeo (WBC, por sus siglas en ingl\u00e9s, entreg\u00f3 reconocimientos a los j\u00f3venes campeones y grandes leyendas y figuras del boxeo mexicano que han marcado la historia del pugilismo a nivel nacional e internacional. En el marco de la presentaci\u00f3n de la alianza estrat\u00e9gica con Electrolit, la marca insignia de <strong>PiSA Farmac\u00e9utica<\/strong>, el presidente del WBC, <strong>Mauricio Sulaim\u00e1n Sald\u00edvar<\/strong>, reconoci\u00f3 el trabajo de <strong>Mariana \u201cLa Barbie\u201d Ju\u00e1rez<\/strong>, <strong>Irma \u201cla G\u00fcerita\u201d S\u00e1nchez, Erick \u201cEl Terrible\u201d Morales, Miguel \u00c1ngel \u201cEl Alacr\u00e1n\u201d Berchelt, Humberto \u201cLa Chiquita\u201d Gonz\u00e1lez, Alejandro Gonz\u00e1lez \u201cLa Cobrita\u201d, \u00d3scar Larios \u201cEl Chololo\u201d, Osvaldo \u201cGallito\u201d Novoa<\/strong> y <strong>Mario \u201cAzabache\u201d Mart\u00ednez<\/strong>, entre otros pugilistas.\u00a0 Durante la conferencia de prensa en donde se present\u00f3 a Electrolit como el \u201cHidratador Oficial\u201d del WBC, Mauricio Sulaim\u00e1n explic\u00f3 esta alianza busca integrar un comit\u00e9 de especialistas y profesionales de la salud, con el objetivo de aportar elementos de investigaci\u00f3n cl\u00ednica sobre los beneficios de una adecuada hidrataci\u00f3n con electrolitos y glucosa. \u201cLos m\u00e9dicos de PiSA Farmac\u00e9utica y del Consejo Mundial de Boxeo est\u00e1n desarrollando un protocolo de investigaci\u00f3n que contribuya al manejo de la salud integral de los boxeadores con una hidrataci\u00f3n inteligente, ayudando a recuperar los l\u00edquidos que se pierden durante sus entrenamientos, en las ceremonias del pesaje y despu\u00e9s de los combates\u201d. Por su parte, el Director de Electrolit, <strong>Luis Alfonso Torres Esquer<\/strong>, manifest\u00f3 que la marca ha ido sumando esfuerzos con diferentes disciplinas deportivas y decidi\u00f3 asumir el reto de estar presente en el deporte de los guantes con el Consejo Mundial de Boxeo. \u201cEstamos conscientes del compromiso que conlleva impulsar una alianza estrat\u00e9gica no solo para mantener hidratados a los boxeadores, sino aportar elementos de investigaci\u00f3n y divulgaci\u00f3n sobre los beneficios que la marca otorga a los deportistas\u201d, coment\u00f3 Torres Esquer.<\/p>\n<p>*** De manera muy democr\u00e1tica y ciudadana, la siempre capaz jefa de Gobierno de la Ciudad de M\u00e9xico, <strong>Claudia Sheinbaum<\/strong>, muy modosita asisti\u00f3 a una casilla de la alcald\u00eda de Tlalpan a votar y rechaz\u00f3 la invitaci\u00f3n de que accediera directamente, sin hacer fila. Tan linda ella, dijo que prefer\u00eda esperar. Varias preguntas habr\u00eda qu\u00e9 hacerle: \u00bfpor qu\u00e9 no la acompa\u00f1ar\u00eda su protegida la directora del Metro, <strong>Florencia Serran\u00eda<\/strong>? Bueno, hay que tenerla bien escondida para que la tragedia de la L\u00ednea 12 del Metro no empa\u00f1e las posibilidades de Morena no solo en la CDMX, \u00bfo no?<\/p>\n<p><u><a href=\"mailto:morcora@gmail.com\" target=\"_blank\" rel=\"noopener noreferrer\"><em>morcora@gmail.com<\/em><\/a><\/u><\/p>\n","protected":false},"excerpt":{"rendered":"<p><span style=\"color: #005497;\"><strong>Adriana Moreno Cordero<\/strong><\/span><\/p>\n","protected":false},"author":3,"featured_media":0,"comment_status":"open","ping_status":"open","sticky":false,"template":"","format":"standard","meta":{"_monsterinsights_skip_tracking":false,"_monsterinsights_sitenote_active":false,"_monsterinsights_sitenote_note":"","_monsterinsights_sitenote_category":0,"footnotes":""},"categories":[69370],"tags":[69369,69368,43674],"class_list":["post-509592","post","type-post","status-publish","format-standard","hentry","category-adriana-moreno-cordero","tag-adriana-moreno-cordero","tag-la-retaguardia","tag-opinion"],"_links":{"self":[{"href":"https:\/\/www.diarioimagen.net\/index.php?rest_route=\/wp\/v2\/posts\/509592","targetHints":{"allow":["GET"]}}],"collection":[{"href":"https:\/\/www.diarioimagen.net\/index.php?rest_route=\/wp\/v2\/posts"}],"about":[{"href":"https:\/\/www.diarioimagen.net\/index.php?rest_route=\/wp\/v2\/types\/post"}],"author":[{"embeddable":true,"href":"https:\/\/www.diarioimagen.net\/index.php?rest_route=\/wp\/v2\/users\/3"}],"replies":[{"embeddable":true,"href":"https:\/\/www.diarioimagen.net\/index.php?rest_route=%2Fwp%2Fv2%2Fcomments&post=509592"}],"version-history":[{"count":0,"href":"https:\/\/www.diarioimagen.net\/index.php?rest_route=\/wp\/v2\/posts\/509592\/revisions"}],"wp:attachment":[{"href":"https:\/\/www.diarioimagen.net\/index.php?rest_route=%2Fwp%2Fv2%2Fmedia&parent=509592"}],"wp:term":[{"taxonomy":"category","embeddable":true,"href":"https:\/\/www.diarioimagen.net\/index.php?rest_route=%2Fwp%2Fv2%2Fcategories&post=509592"},{"taxonomy":"post_tag","embeddable":true,"href":"https:\/\/www.diarioimagen.net\/index.php?rest_route=%2Fwp%2Fv2%2Ftags&post=509592"}],"curies":[{"name":"wp","href":"https:\/\/api.w.org\/{rel}","templated":true}]}}