{"id":509609,"date":"2021-06-07T00:03:58","date_gmt":"2021-06-07T05:03:58","guid":{"rendered":"https:\/\/www.diarioimagen.net\/?p=509609"},"modified":"2021-06-07T03:33:20","modified_gmt":"2021-06-07T08:33:20","slug":"mexico-bocabajeado-por-eu","status":"publish","type":"post","link":"https:\/\/www.diarioimagen.net\/?p=509609","title":{"rendered":"M\u00e9xico, bocabajeado por EU"},"content":{"rendered":"<h2>Espacio Electoral<\/h2>\n<h5>Eleazar Flores<\/h5>\n<p>&nbsp;<\/p>\n<p><strong>POR MARCELO-.<\/strong> La vor\u00e1gine electoral distrae tratar problemas capitales de fondo como el menosprecio del actual gobierno yanqui contra el de la \u00bfdebilitada? Cuarta Transformaci\u00f3n. Le platico y usted deduzca.<\/p>\n<p>El presidente John Biden no se ha dignado darle audiencia presencial al presidente Andr\u00e9s Manuel L\u00f3pez Obrador, si acaso un telefonazo, pero hoy le env\u00eda a su vicepresidenta Kamala Harris, \u00bfser\u00e1 darle su nivel? Qu\u00e9 tristeza.<\/p>\n<p>De haber tiempo, alg\u00fan d\u00eda Biden le podr\u00eda enviar a nuestro Presidente\u00a0 a un \u201cvice principal\u201d, pues ser\u00eda humillante enviar a un \u201chead of departament\u201d para tratar asuntos binacionales.<\/p>\n<p><strong>MOTIVOS DE DEGRADACI\u00d3N-.<\/strong> La p\u00e9sima pol\u00edtica internacional de nuestro pa\u00eds tiene un origen actual totalmente justificado, pues el secretario de Relaciones Exteriores, Marcelo Ebrard Casaub\u00f3n sali\u00f3 muy buen comprador, pues no obstante haber pasado ya casi tres largos a\u00f1os, se recuerda su compra fantasmag\u00f3rica de pipas.<\/p>\n<p>Meses despu\u00e9s y agudizada la pandemia, fue justamente nuestro canciller quien entr\u00f3 al quite para la compra de vacunas en el extranjero, atentando directamente contra la industria farmac\u00e9utica nacional, seg\u00fan se document\u00f3\u00a0 ampliamente en su momento.<\/p>\n<p>Ya en el \u00faltimo semestre y con motivo del cambio de secretario general en la Asamblea General de la Organizaci\u00f3n de Estados Americanos, Marcelo Ebrard cometi\u00f3 un error de k\u00ednder p\u00fablico nocturno, al brindar su apoyo\u2026l\u00e9ase el de M\u00e9xico, por otra persona distinta a quien finalmente gan\u00f3.<\/p>\n<p>Se trata de Luis Almagro. Pero Ebrard critic\u00f3 al abiertamente al anterior dirigente Jos\u00e9 Miguel Inzulza, quien casualmente encabeza la comisi\u00f3n\u00a0 extranjera de supervisi\u00f3n en los comicios de ayer.<\/p>\n<p>Yendo un poco m\u00e1s lejos, tanto el padre de la Cuarta Transformaci\u00f3n como nuestro canciller, coincidieron (\u00bfqu\u00e9 raro?) en sus juicios acerca de la presencia de visores extranjeros en los comicios de nuestro pa\u00eds, no sin enjuciar su papel, con dejos de intromisi\u00f3n.<\/p>\n<p>A los ataques del \u201ccarnal\u201d Marcelo, en el sentido de que al dirigente de la OEA nadie le hace caso, \u00e9ste respondi\u00f3 con un \u201cmandoble\u201d, -vocablo box\u00edstico-, al declarar que \u201cojal\u00e1 y al canciller no se le caiga alguna obra m\u00e1s\u201d, como pas\u00f3 con la \u201cL\u00ednea Dorada\u201d del metro construida en el ebradorismo.<\/p>\n<p><strong>SENADO-.<\/strong> El gobierno norteamericano -que s\u00ed tiene inteligencia pol\u00edtica no como ya sabe qui\u00e9nes no- puls\u00f3 atinadamente el ambiente pol\u00edtico de nuestro pa\u00eds, de ah\u00ed que haya cancelado la presencia de la vicepresidenta Kamala Harris a la sede del Senado de la Rep\u00fablica. No fue el Senado el cancelador.<\/p>\n<p>Por esas y muchas \u201cregadas\u201d m\u00e1s es que el presidente Biden le env\u00eda al presidente de M\u00e9xico a su \u201cvicepresident\u201d y ojal\u00e1 y hoy hayan salido bien las cosas\u2026 para M\u00e9xico<\/p>\n<p>Y conste que M\u00e9xico es socio comercial preferido de EU.<\/p>\n<p><em><a href=\"mailto:elefa44@gmail.com\" target=\"_blank\" rel=\"noopener noreferrer\">elefa44@gmail.com<\/a><\/em><\/p>\n","protected":false},"excerpt":{"rendered":"<p><span style=\"color: #005497;\"><strong>Eleazar Flores<\/strong><\/span><\/p>\n","protected":false},"author":3,"featured_media":0,"comment_status":"open","ping_status":"open","sticky":false,"template":"","format":"standard","meta":{"_monsterinsights_skip_tracking":false,"_monsterinsights_sitenote_active":false,"_monsterinsights_sitenote_note":"","_monsterinsights_sitenote_category":0,"footnotes":""},"categories":[81743],"tags":[81744,81776,43674],"class_list":["post-509609","post","type-post","status-publish","format-standard","hentry","category-eleazar-flores","tag-eleazar-flores","tag-espacio-electoral","tag-opinion"],"_links":{"self":[{"href":"https:\/\/www.diarioimagen.net\/index.php?rest_route=\/wp\/v2\/posts\/509609","targetHints":{"allow":["GET"]}}],"collection":[{"href":"https:\/\/www.diarioimagen.net\/index.php?rest_route=\/wp\/v2\/posts"}],"about":[{"href":"https:\/\/www.diarioimagen.net\/index.php?rest_route=\/wp\/v2\/types\/post"}],"author":[{"embeddable":true,"href":"https:\/\/www.diarioimagen.net\/index.php?rest_route=\/wp\/v2\/users\/3"}],"replies":[{"embeddable":true,"href":"https:\/\/www.diarioimagen.net\/index.php?rest_route=%2Fwp%2Fv2%2Fcomments&post=509609"}],"version-history":[{"count":0,"href":"https:\/\/www.diarioimagen.net\/index.php?rest_route=\/wp\/v2\/posts\/509609\/revisions"}],"wp:attachment":[{"href":"https:\/\/www.diarioimagen.net\/index.php?rest_route=%2Fwp%2Fv2%2Fmedia&parent=509609"}],"wp:term":[{"taxonomy":"category","embeddable":true,"href":"https:\/\/www.diarioimagen.net\/index.php?rest_route=%2Fwp%2Fv2%2Fcategories&post=509609"},{"taxonomy":"post_tag","embeddable":true,"href":"https:\/\/www.diarioimagen.net\/index.php?rest_route=%2Fwp%2Fv2%2Ftags&post=509609"}],"curies":[{"name":"wp","href":"https:\/\/api.w.org\/{rel}","templated":true}]}}