{"id":509614,"date":"2021-06-07T00:06:26","date_gmt":"2021-06-07T05:06:26","guid":{"rendered":"https:\/\/www.diarioimagen.net\/?p=509614"},"modified":"2021-06-07T03:38:03","modified_gmt":"2021-06-07T08:38:03","slug":"agenda-verde-en-las-prioridades-de-eu-y-mexico","status":"publish","type":"post","link":"https:\/\/www.diarioimagen.net\/?p=509614","title":{"rendered":"Agenda verde en las prioridades de EU \u00bfy M\u00e9xico?"},"content":{"rendered":"<h2>Como veo, doy<\/h2>\n<h5>Jorge Luis Galicia Palacios<\/h5>\n<p>&nbsp;<\/p>\n<ul>\n<li><em><strong>Visita de Kamala Harris, oportunidad para establecerla<\/strong> <\/em><\/li>\n<\/ul>\n<p>&nbsp;<\/p>\n<p>Si bien es\u00a0cierto que los temas de la amenaza medioambiental o el cambio clim\u00e1tico no parecen estar en el inter\u00e9s de la agenda mexicana para tratar con la vicepresidenta de los Estados Unidos, Kamala Harris, quien hoy llega a M\u00e9xico para un encuentro con el presidente Andr\u00e9s Manuel L\u00f3pez Obrador, ojal\u00e1 que la visitante extranjera ponga el tema en la mesa y convenza a las autoridades de este lado de su frontera sur estar <em>ad hoc<\/em> al inter\u00e9s por el medio ambiente.<\/p>\n<p>\u00bfQu\u00e9 temas interesa tratar a cada pa\u00eds en este ef\u00edmero encuentro?, pronto lo sabremos, pero sin duda en M\u00e9xico y del otro lado de nuestra frontera norte, el cambio clim\u00e1tico es un tema que a diversos sectores de ambas poblaciones gustar\u00eda que se atendiera desde un inicio en esta relaci\u00f3n diplom\u00e1tica porque el tema medioambiental tiene, en general, al mundo con los focos rojos encendidos y en alerta permanente.<\/p>\n<p>Al menos en el discurso, hasta ahora, los presidentes de M\u00e9xico y Estados Unidos, Andr\u00e9s Manuel L\u00f3pez Obrador y Joe Biden, respectivamente, han coincidido en temas como la atenci\u00f3n del Covid 19, la reactivaci\u00f3n econ\u00f3mica y el plan migratorio, por lo que ahora solo falta saber si en los temas que a Estados Unidos interesa, como el cambio clim\u00e1tico, logra que nuestro gobierno se inserte para alcanzar acuerdos al respecto antes de tocar temas comunes, de ah\u00ed que anticipemos que la visita de la se\u00f1ora Harris puede que tenga un alto grado de dificultad y m\u00e1s aun si en su agenda trae el tema medioambiental.<\/p>\n<p><strong>LAS CARTAS HABLAN.-<\/strong> Ya casi a la mitad del actual sexenio de gobierno, muchos ciudadanos todav\u00eda se cuestionan, adem\u00e1s de la refiner\u00eda de Dos Bocas, de la rehabilitaci\u00f3n de otras seis y las hidroel\u00e9ctricas \u00bfQu\u00e9 m\u00e1s hay en materia energ\u00e9tica?, porque la energ\u00eda tambi\u00e9n proviene del agua, el sol, el aire, la geot\u00e9rmica y otras como las que se producen en el mar a trav\u00e9s del movimiento de las mareas.<\/p>\n<p>\u201cLa nueva pol\u00edtica energ\u00e9tica del Estado mexicano impulsar\u00e1 el desarrollo sostenible mediante la incorporaci\u00f3n de poblaciones y comunidades a la producci\u00f3n de energ\u00eda con fuentes renovables, mismas que ser\u00e1n fundamentales para dotar de electricidad a las peque\u00f1as comunidades aisladas que a\u00fan carecen de ella y que suman unos dos millones de habitantes\u201d, puntualiza en uno de sus apartados el PND, sin embargo en todo el documento, m\u00e1s all\u00e1 de las refiner\u00edas y las hidroel\u00e9ctricas, no se precisan proyectos en materia de energ\u00edas limpias y si acaso se establece que, en las Universidades para el Bienestar Benito Ju\u00e1rez Garc\u00eda, una de las carreras que se impartir\u00e1n ser\u00e1 la de ingenier\u00eda en energ\u00edas renovables.<\/p>\n<p>No es que se est\u00e9 en contra del rescate petrolero y el fortalecimiento del sector el\u00e9ctrico, pero tambi\u00e9n nos gustar\u00eda que los recursos p\u00fablicos sirvieran para invertir en energ\u00edas renovables o limpias, porque es un hecho que, en materia de energ\u00edas agotables, como el gas y el petr\u00f3leo, hay decadencia.<\/p>\n<p><strong>VA MI RESTO<\/strong>.- A nivel nacional, no hemos encontrado una postura clara de M\u00e9xico en cuanto al cambio clim\u00e1tico, pero tampoco es para dejar de reconocer la postura que, en el marco del encuentro virtual que sostuvieron 20 l\u00edderes mundiales para hablar del tema, la jefa de Gobierno, Claudia Sheinbaum, present\u00f3 hace unas semanas siete ejes para atender la problem\u00e1tica a trav\u00e9s de un Programa Ambiental y de Cambio Clim\u00e1tico.<\/p>\n<p>El diagn\u00f3stico y las pol\u00edticas p\u00fablicas propuestas por la mandataria capitalina son para atender la problem\u00e1tica citadina, pero queda claro que esos ejes bien pueden tener alcance hacia otra entidades y en general pueden ser la punta de lanza para todo el pa\u00eds en la atenci\u00f3n de los problemas medioambientales, de ah\u00ed que no estar\u00eda mal que con la presencia de Kamala Harris, las pol\u00edticas p\u00fablicas de M\u00e9xico en este tema tuvieran una oportunidad para rectificar, para reforzar, para complementar, para revisar o bien para empatar lo que a nivel internacional se est\u00e1 haciendo para combatir o atender lo que por todos lados se conoce como cambio clim\u00e1tico.<\/p>\n<p>S\u00f3lo por mencionar lo que en los \u00faltimos a\u00f1os ha causado el problema medioambiental en el mundo, que por supuesto no es ajeno en M\u00e9xico, podemos mencionar devastaciones forestales y agr\u00edcolas, incendios, sequ\u00edas, pobreza,\u00a0inundaciones at\u00edpicas, desplazamientos de poblaciones por altas temperaturas, crecimiento de zonas des\u00e9rticas y aumento de los niveles del mar, contaminaci\u00f3n de mantos fre\u00e1ticos por descuido en la actividad industrial, deforestaci\u00f3n clandestina de bosques, y esos solo son algunas advertencias si los mandatarios del mundo insisten en poner ojos cerrados al tema, de ah\u00ed que veamos como una oportunidad la visita de Kamala Harris para que M\u00e9xico voltee a ver hacia esa problem\u00e1tica, porque nos queda claro que, en el gobierno de Joe Biden, el asunto si est\u00e1 en sus prioridades de atenci\u00f3n con una agenda verde y hasta ah\u00ed porque como veo doy.<\/p>\n<p><em><a href=\"mailto:jorgelgalicia@yahoo.com.mx\" target=\"_blank\" rel=\"noopener noreferrer\">jorgelgalicia@yahoo.com.mx<\/a><\/em><\/p>\n","protected":false},"excerpt":{"rendered":"<p><span style=\"color: #005497;\"><strong>Jorge Luis Galicia Palacios<\/strong><\/span><\/p>\n","protected":false},"author":3,"featured_media":0,"comment_status":"open","ping_status":"open","sticky":false,"template":"","format":"standard","meta":{"_monsterinsights_skip_tracking":false,"_monsterinsights_sitenote_active":false,"_monsterinsights_sitenote_note":"","_monsterinsights_sitenote_category":0,"footnotes":""},"categories":[63916],"tags":[28722,63917,43674],"class_list":["post-509614","post","type-post","status-publish","format-standard","hentry","category-jorge-luis-galicia-palacios","tag-como-veo-doy","tag-jorge-luis-galicia-palacios","tag-opinion"],"_links":{"self":[{"href":"https:\/\/www.diarioimagen.net\/index.php?rest_route=\/wp\/v2\/posts\/509614","targetHints":{"allow":["GET"]}}],"collection":[{"href":"https:\/\/www.diarioimagen.net\/index.php?rest_route=\/wp\/v2\/posts"}],"about":[{"href":"https:\/\/www.diarioimagen.net\/index.php?rest_route=\/wp\/v2\/types\/post"}],"author":[{"embeddable":true,"href":"https:\/\/www.diarioimagen.net\/index.php?rest_route=\/wp\/v2\/users\/3"}],"replies":[{"embeddable":true,"href":"https:\/\/www.diarioimagen.net\/index.php?rest_route=%2Fwp%2Fv2%2Fcomments&post=509614"}],"version-history":[{"count":0,"href":"https:\/\/www.diarioimagen.net\/index.php?rest_route=\/wp\/v2\/posts\/509614\/revisions"}],"wp:attachment":[{"href":"https:\/\/www.diarioimagen.net\/index.php?rest_route=%2Fwp%2Fv2%2Fmedia&parent=509614"}],"wp:term":[{"taxonomy":"category","embeddable":true,"href":"https:\/\/www.diarioimagen.net\/index.php?rest_route=%2Fwp%2Fv2%2Fcategories&post=509614"},{"taxonomy":"post_tag","embeddable":true,"href":"https:\/\/www.diarioimagen.net\/index.php?rest_route=%2Fwp%2Fv2%2Ftags&post=509614"}],"curies":[{"name":"wp","href":"https:\/\/api.w.org\/{rel}","templated":true}]}}