{"id":509624,"date":"2021-06-07T00:12:05","date_gmt":"2021-06-07T05:12:05","guid":{"rendered":"https:\/\/www.diarioimagen.net\/?p=509624"},"modified":"2021-06-07T03:46:09","modified_gmt":"2021-06-07T08:46:09","slug":"sin-sorpresas-acotan-a-morena-y-suben-pri-pan-y-prd","status":"publish","type":"post","link":"https:\/\/www.diarioimagen.net\/?p=509624","title":{"rendered":"Sin sorpresas: acotan a Morena y suben PRI, PAN y PRD"},"content":{"rendered":"<h2>Tras la puerta del poder<\/h2>\n<h5>Roberto Vizca\u00edno<\/h5>\n<p>&nbsp;<\/p>\n<p>Como afirma el cl\u00e1sico: \u201cde acuerdo a nuestros datos y con los informes hasta este momento\u201d todo apunta que Morena no alcanz\u00f3 mayor\u00eda ni absoluta ni calificada en la C\u00e1mara de Diputados.<\/p>\n<p>De confirmarse, el presidente <strong>Andr\u00e9s Manuel L\u00f3pez Obrador<\/strong> se habr\u00e1 quedado sin su apoyo m\u00e1s importante para finalizar como ten\u00eda proyectado su 4 Transformaci\u00f3n.<\/p>\n<p>En lo que advierte un final plagado de impugnaciones ante el Tribunal Electoral, los dirigentes del PRI, PAN y PRD, en su primera evaluaci\u00f3n, adelantaron triunfos en Campeche, Nuevo Le\u00f3n, Colima, Tlaxcala, Michoac\u00e1n, Guerrero, San Luis Potos\u00ed y Zacatecas.<\/p>\n<p>Y triunfos capitalinos en Cuajimalpa, Magdalena Contreras, Cuauht\u00e9moc, \u00c1lvaro Obreg\u00f3n, Coyoac\u00e1n, Milpa Alta.<\/p>\n<p>El PAN por s\u00ed solo reclam\u00f3 el gane en Quer\u00e9taro y en Benito Ju\u00e1rez.<\/p>\n<p>Pero lo m\u00e1s importante es, que tanto <strong>Alejandro Moreno,<\/strong> del PRI; <strong>Marko Cort\u00e9s,<\/strong> del PAN; y <strong>Jes\u00fas Zambrano,<\/strong> del PRD, afirmaron que sus encuestas de salida los dan como ganadores de la mayor\u00eda absoluta en la C\u00e1mara de Diputados.<\/p>\n<p><strong>Mario Delgado,<\/strong> presidente de Morena, sali\u00f3 tarde s\u00f3lo para advertir que nada de lo dicho por sus contrarios era cierto y que su partido fue el que gan\u00f3 la mayor\u00eda de las gubernaturas, diputaciones, alcald\u00edas y todo lo dem\u00e1s.<\/p>\n<p>En este contexto triunfalista del todos contra todos, el INE sali\u00f3 -a trav\u00e9s del consejero <strong>No\u00e9 Murayama-<\/strong> a se\u00f1alar que nadie se pod\u00eda declarar ganador de nada hasta no saber el conteo de votos realizado por la autoridad electoral.<\/p>\n<p>Ajenos a la \u00e9tica pol\u00edtica, dirigentes y candidatos salieron a pretender ganar en los medios. Crear percepciones. Supuestos.\u00a0 La mec\u00e1nica y las reglas electorales creadas por los propios partidos v\u00eda el Congreso, indica que primero se deber\u00e1n dar a conocer hacia las 11 de la noche los primeros resultados del PREP, es decir, de los conteos r\u00e1pidos que tampoco son los oficiales.<\/p>\n<p>Esos resultados relativamente finales, deber\u00e1n ser cantados oficialmente por el INE a partir de pasado ma\u00f1ana mi\u00e9rcoles, cuando cada una de las autoridades electorales a lo largo y ancho de M\u00e9xico hayan recontado votos y confirmado actas firmadas por todos los representantes de los partidos pol\u00edticos en cada una de las 160 mil que se casillas desplegadas en todo el pa\u00eds.<\/p>\n<p>Copias de esas actas deber\u00e1n ser a su vez colocadas para informar al p\u00fablico en cada una de las casillas lo que permitir\u00e1 que cada partido pueda captarlas y hacer un recuento elemental para definir d\u00f3nde perdieron y d\u00f3nde ganaron sus candidatos, en todos los niveles, desde diputados locales, alcaldes, diputados federales y gobernadores.<\/p>\n<p>Con esos datos, ser\u00e1 hasta el mi\u00e9rcoles en que cada partido y candidato sepa realmente d\u00f3nde gan\u00f3 y d\u00f3nde perdi\u00f3, y por cuanto, en cada caso.\u00a0 Mientras tanto, todo es alegor\u00eda, enga\u00f1o p\u00fablico, calentar \u00e1nimos.\u00a0 As\u00ed que hay que tomar un Equanil, lo menos un tecito de tila, y esperar resultados oficiales.<\/p>\n<p>Mientras tanto, hay que decirlo, corre la sensaci\u00f3n p\u00fablica de que al final de esta elecci\u00f3n no s\u00f3lo hubo una afluencia mayor de lo que se proyectaba, que podr\u00eda haberse dado un voto no s\u00e9 si de castigo o no, pero que cambi\u00f3 la conformaci\u00f3n del predominio de Morena y de que lo que viene es un per\u00edodo de mayor confrontaci\u00f3n entre <strong>AMLO<\/strong> y la oposici\u00f3n para sacar adelante cuestiones esenciales como el presupuesto de Egresos, las responsabilidades de rendici\u00f3n de cuentas, y las sanciones.\u00a0 Mucho de eso, si no es que la mayor\u00eda, tasar\u00e1 por impugnaciones ante el Tribunal Electoral y por una dura confrontaci\u00f3n en medios informativos y redes sociales que polarizar\u00e1 a\u00fan m\u00e1s a los mexicanos.<\/p>\n<p>Sin duda, as\u00ed viviremos la segunda y parte final del sexenio de <strong>AMLO<\/strong>.<\/p>\n<p style=\"text-align: center;\"><strong>Crecer\u00e1 la negociaci\u00f3n en el Senado<\/strong><\/p>\n<p>Si es cierto que la oposici\u00f3n PRI, PAN y PRD pasar\u00e1 de una alianza electoral a una legislativa, eso significa que, sin las mayor\u00edas de Morena y aliados en San L\u00e1zaro, los acuerdos finales deber\u00e1n lograrse en el Senado.<\/p>\n<p>Y hay muchos pendientes Constitucionales, que exigir\u00e1n mayor\u00eda calificada en ambas c\u00e1maras, es decir dos terceras partes m\u00e1s 1.\u00a0\u00a0 Lo primero es tramitar los nombramientos de ministros de la Suprema Corte por el fin de per\u00edodo de sus mandatos. Y las designaciones de consejeros electorales, incluido el nuevo presidente del INE.<\/p>\n<p>Ah\u00ed veremos cu\u00e1l es el nuevo alcance de operaci\u00f3n <strong>Ricardo Monreal<\/strong>, quien llevar\u00e1 en lo adelante una pesada carga para cumplir un m\u00ednimo de propuestas del presidente <strong>L\u00f3pez Obrador<\/strong>.<\/p>\n<p>En fin, hoy todo est\u00e1 en el aire como dec\u00eda el premio Nobel, <strong>Bob Dylan<\/strong>.<\/p>\n<p><em><a href=\"mailto:rvizcainoa@gmail.com\" target=\"_blank\" rel=\"noopener noreferrer\">rvizcainoa@gmail.com<\/a><br \/>\n<u><a href=\"http:\/\/endirecto.mx\" target=\"_blank\" rel=\"noopener noreferrer\">www.endirecto.mx<\/a><br \/>\n<a href=\"https:\/\/twitter.com\/_rvizcaino\" target=\"_blank\" rel=\"noopener noreferrer\">@_RVizcaino<\/a><br \/>\n<a href=\"https:\/\/www.facebook.com\/rvizcainoa\" target=\"_blank\" rel=\"noopener noreferrer\">facebook.com\/rvizcainoa<\/a><\/u><\/em><\/p>\n","protected":false},"excerpt":{"rendered":"<p><span style=\"color: #005497;\"><strong>Roberto Vizca\u00edno<\/strong><\/span><br \/>\n<br \/>\nComo afirma el cl\u00e1sico: \u201cde acuerdo a nuestros datos y con los informes hasta este momento\u201d todo apunta que Morena no alcanz\u00f3 mayor\u00eda ni absoluta ni calificada en la C\u00e1mara de Diputados.<\/p>\n","protected":false},"author":3,"featured_media":0,"comment_status":"open","ping_status":"open","sticky":false,"template":"","format":"standard","meta":{"_monsterinsights_skip_tracking":false,"_monsterinsights_sitenote_active":false,"_monsterinsights_sitenote_note":"","_monsterinsights_sitenote_category":0,"footnotes":""},"categories":[136],"tags":[43674,93,94],"class_list":["post-509624","post","type-post","status-publish","format-standard","hentry","category-roberto-vizcaino-opinion","tag-opinion","tag-roberto-vizcaino","tag-tras-la-puerta-del-poder"],"_links":{"self":[{"href":"https:\/\/www.diarioimagen.net\/index.php?rest_route=\/wp\/v2\/posts\/509624","targetHints":{"allow":["GET"]}}],"collection":[{"href":"https:\/\/www.diarioimagen.net\/index.php?rest_route=\/wp\/v2\/posts"}],"about":[{"href":"https:\/\/www.diarioimagen.net\/index.php?rest_route=\/wp\/v2\/types\/post"}],"author":[{"embeddable":true,"href":"https:\/\/www.diarioimagen.net\/index.php?rest_route=\/wp\/v2\/users\/3"}],"replies":[{"embeddable":true,"href":"https:\/\/www.diarioimagen.net\/index.php?rest_route=%2Fwp%2Fv2%2Fcomments&post=509624"}],"version-history":[{"count":0,"href":"https:\/\/www.diarioimagen.net\/index.php?rest_route=\/wp\/v2\/posts\/509624\/revisions"}],"wp:attachment":[{"href":"https:\/\/www.diarioimagen.net\/index.php?rest_route=%2Fwp%2Fv2%2Fmedia&parent=509624"}],"wp:term":[{"taxonomy":"category","embeddable":true,"href":"https:\/\/www.diarioimagen.net\/index.php?rest_route=%2Fwp%2Fv2%2Fcategories&post=509624"},{"taxonomy":"post_tag","embeddable":true,"href":"https:\/\/www.diarioimagen.net\/index.php?rest_route=%2Fwp%2Fv2%2Ftags&post=509624"}],"curies":[{"name":"wp","href":"https:\/\/api.w.org\/{rel}","templated":true}]}}