{"id":509712,"date":"2021-06-08T00:07:35","date_gmt":"2021-06-08T05:07:35","guid":{"rendered":"https:\/\/www.diarioimagen.net\/?p=509712"},"modified":"2021-06-09T05:12:20","modified_gmt":"2021-06-09T10:12:20","slug":"uaem-convocada-a-fortalecerse-como-el-espacio-donde-se-privilegie-el-dialogo-rector-carlos-eduardo-barrera-diaz","status":"publish","type":"post","link":"https:\/\/www.diarioimagen.net\/?p=509712","title":{"rendered":"UAEM, convocada a fortalecerse como el espacio donde se privilegie el di\u00e1logo: rector Carlos Eduardo Barrera D\u00edaz"},"content":{"rendered":"<p>&nbsp;<\/p>\n<ul>\n<li><em><strong>Al presidir la ceremonia conmemorativa al D\u00eda de la Libertad de Expresi\u00f3n en M\u00e9xico, el rector sostuvo que la instituci\u00f3n no puede ser ajena a la agenda social ni a las diversas posturas ideol\u00f3gicas, las cuales enriquecen la discusi\u00f3n p\u00fablica<\/strong><\/em><\/li>\n<\/ul>\n<p>&nbsp;<\/p>\n<div id=\"attachment_509795\" style=\"width: 470px\" class=\"wp-caption aligncenter\"><a href=\"https:\/\/www.diarioimagen.net\/?attachment_id=509795\" rel=\"attachment wp-att-509795\"><img loading=\"lazy\" decoding=\"async\" aria-describedby=\"caption-attachment-509795\" class=\"size-full wp-image-509795\" src=\"https:\/\/www.diarioimagen.net\/wp-content\/uploads\/2021\/06\/uaem-2.jpg\" alt=\"\" width=\"460\" height=\"270\" \/><\/a><p id=\"caption-attachment-509795\" class=\"wp-caption-text\">El rector de la UAEM, Carlos Eduardo Barrera D\u00edaz, resalt\u00f3 que la voz de valientes universitarias ha sido recogida y tendr\u00e1 lugar en esta Administraci\u00f3n. Inaugur\u00f3 la muestra fotogr\u00e1fica \u201cDesde nuestra mirada. Mujeres Fotoperiodistas\u201d.<\/p><\/div>\n<p>&nbsp;<\/p>\n<p><strong>Toluca, Estado de M\u00e9xico.\u2013 <\/strong>La Universidad Aut\u00f3noma del Estado de M\u00e9xico est\u00e1 convocada a fortalecerse como el espacio donde se privilegie el di\u00e1logo, la discusi\u00f3n de las ideas y el debate genuino, asegur\u00f3 el rector Carlos Eduardo Barrera D\u00edaz.<\/p>\n<p>Al presidir la ceremonia conmemorativa al D\u00eda de la Libertad de Expresi\u00f3n en M\u00e9xico, el rector sostuvo que la instituci\u00f3n no puede ser ajena a la agenda social ni a las diversas posturas ideol\u00f3gicas, las cuales enriquecen la discusi\u00f3n p\u00fablica.<\/p>\n<p>En la Facultad de Ciencias Pol\u00edticas y Sociales, convoc\u00f3 a la comunidad universitaria a construir una universidad donde se consoliden las libertades de expresi\u00f3n, opini\u00f3n y pensamiento, as\u00ed como el principio de respeto para el di\u00e1logo.<\/p>\n<p>Acompa\u00f1ado de la directora general de Comunicaci\u00f3n Universitaria, Ginarely Valencia Alc\u00e1ntara, y del secretario de Rector\u00eda, Marco Aurelio Cienfuegos Terr\u00f3n, subray\u00f3 que la Administraci\u00f3n Universitaria 2021-2025 tiene como marco de referencia la normatividad internacional, nacional y estatal, que establece la necesidad de garantizar el acceso p\u00fablico a la informaci\u00f3n y proteger las libertades fundamentales, como la Agenda 2030 y las constituciones federal y local.<\/p>\n<p>Refiri\u00f3 que la historia de la UAEM cuenta con pasajes emblem\u00e1ticos de la defensa de la libertad de expresi\u00f3n. \u201cEstamos convencidos de que la libertad de expresi\u00f3n converge con la garant\u00eda de libre pensamiento y difusi\u00f3n de las ideas\u201d.<\/p>\n<p>Por otro lado, Carlos Eduardo Barrera D\u00edaz destac\u00f3 que defender la libertad de expresi\u00f3n y de prensa cobr\u00f3 importancia durante la pandemia. De acuerdo con la Organizaci\u00f3n Mundial de la Salud, dijo, la oportuna intervenci\u00f3n de periodistas que informaron sobre la COVID-19 salv\u00f3 miles de vidas.<\/p>\n<p>Desde la Facultad de Ciencias Pol\u00edticas y Sociales, resalt\u00f3 que la voz de valientes universitarias ha sido recogida y tendr\u00e1 lugar en esta Administraci\u00f3n. \u201cSu voz, ideas y reflexiones deben estar en los medios universitarios\u201d. Ello, dijo, se materializa en la inauguraci\u00f3n de la muestra fotogr\u00e1fica \u201cDesde nuestra mirada. Mujeres Fotoperiodistas\u201d.<\/p>\n<p>El presidente de la Asociaci\u00f3n de Periodistas del Valle de Toluca, Sergio Rub\u00e9n Jaime Villafuerte, reconoci\u00f3 a la Aut\u00f3noma mexiquense por ser garante de la libertad de expresi\u00f3n y se pronunci\u00f3 por proteger este derecho universal.<\/p>\n<p>En su momento, la representante de las precursoras del Monumento a la Libertad de Expresi\u00f3n, Sonia Silva Vega, puntualiz\u00f3 que luego de grandes esfuerzos conjuntos, la Legislatura local aprob\u00f3 la Ley de Protecci\u00f3n Integral de Periodistas y Personas Defensoras de los Derechos Humanos del Estado de M\u00e9xico.<\/p>\n<p>Asimismo, consider\u00f3 que la libertad de expresi\u00f3n tiene retos constantes y apunt\u00f3 que es fundamental luchar por este derecho humano, ya que fortalece el equilibrio de poderes, da voz a minor\u00edas y vislumbra un mejor futuro.<\/p>\n","protected":false},"excerpt":{"rendered":"<p>La Universidad Aut\u00f3noma del Estado de M\u00e9xico est\u00e1 convocada a fortalecerse como el espacio donde se privilegie el di\u00e1logo, la discusi\u00f3n de las ideas y el debate genuino, asegur\u00f3 el rector Carlos Eduardo Barrera D\u00edaz.<\/p>\n","protected":false},"author":3,"featured_media":509795,"comment_status":"open","ping_status":"open","sticky":false,"template":"","format":"standard","meta":{"_monsterinsights_skip_tracking":false,"_monsterinsights_sitenote_active":false,"_monsterinsights_sitenote_note":"","_monsterinsights_sitenote_category":0,"footnotes":""},"categories":[5],"tags":[92667,43675,452],"class_list":["post-509712","post","type-post","status-publish","format-standard","has-post-thumbnail","hentry","category-estado-de-mexico","tag-carlos-eduardo-barrera-diaz","tag-estado-de-mexico","tag-toluca"],"_links":{"self":[{"href":"https:\/\/www.diarioimagen.net\/index.php?rest_route=\/wp\/v2\/posts\/509712","targetHints":{"allow":["GET"]}}],"collection":[{"href":"https:\/\/www.diarioimagen.net\/index.php?rest_route=\/wp\/v2\/posts"}],"about":[{"href":"https:\/\/www.diarioimagen.net\/index.php?rest_route=\/wp\/v2\/types\/post"}],"author":[{"embeddable":true,"href":"https:\/\/www.diarioimagen.net\/index.php?rest_route=\/wp\/v2\/users\/3"}],"replies":[{"embeddable":true,"href":"https:\/\/www.diarioimagen.net\/index.php?rest_route=%2Fwp%2Fv2%2Fcomments&post=509712"}],"version-history":[{"count":0,"href":"https:\/\/www.diarioimagen.net\/index.php?rest_route=\/wp\/v2\/posts\/509712\/revisions"}],"wp:featuredmedia":[{"embeddable":true,"href":"https:\/\/www.diarioimagen.net\/index.php?rest_route=\/wp\/v2\/media\/509795"}],"wp:attachment":[{"href":"https:\/\/www.diarioimagen.net\/index.php?rest_route=%2Fwp%2Fv2%2Fmedia&parent=509712"}],"wp:term":[{"taxonomy":"category","embeddable":true,"href":"https:\/\/www.diarioimagen.net\/index.php?rest_route=%2Fwp%2Fv2%2Fcategories&post=509712"},{"taxonomy":"post_tag","embeddable":true,"href":"https:\/\/www.diarioimagen.net\/index.php?rest_route=%2Fwp%2Fv2%2Ftags&post=509712"}],"curies":[{"name":"wp","href":"https:\/\/api.w.org\/{rel}","templated":true}]}}