{"id":509714,"date":"2021-06-08T00:33:49","date_gmt":"2021-06-08T05:33:49","guid":{"rendered":"https:\/\/www.diarioimagen.net\/?p=509714"},"modified":"2021-06-09T00:28:55","modified_gmt":"2021-06-09T05:28:55","slug":"vuelven-a-clases-presenciales-mas-de-mil-escuelas-en-cdmx","status":"publish","type":"post","link":"https:\/\/www.diarioimagen.net\/?p=509714","title":{"rendered":"Vuelven a clases presenciales m\u00e1s de mil escuelas en CDMX"},"content":{"rendered":"<p>&nbsp;<\/p>\n<h3 style=\"text-align: center;\">Regreso voluntario a las aulas<\/h3>\n<p>&nbsp;<\/p>\n<div id=\"attachment_509798\" style=\"width: 470px\" class=\"wp-caption aligncenter\"><a href=\"https:\/\/www.diarioimagen.net\/?attachment_id=509798\" rel=\"attachment wp-att-509798\"><img loading=\"lazy\" decoding=\"async\" aria-describedby=\"caption-attachment-509798\" class=\"size-full wp-image-509798\" src=\"https:\/\/www.diarioimagen.net\/wp-content\/uploads\/2021\/06\/CLASES-PRESENCIALES-1.jpg\" alt=\"\" width=\"460\" height=\"270\" \/><\/a><p id=\"caption-attachment-509798\" class=\"wp-caption-text\">M\u00e1s de mil escuelas de la Ciudad de M\u00e9xico, entre privadas y p\u00fablicas, regresaron este lunes a las aulas.<\/p><\/div>\n<p>&nbsp;<\/p>\n<p>Este lunes regresaron a clases presenciales y de forma voluntaria m\u00e1s de mil escuelas, entre privadas y p\u00fablicas, de los niveles preescolar, primaria, secundaria, bachillerato y superior; esto luego de m\u00e1s de un a\u00f1o de permanecer cerradas por la pandemia.<\/p>\n<p>\u00abEs una primera apertura de las escuelas en la Ciudad de M\u00e9xico y por supuesto que hay di\u00e1logo con los maestros y las comunidades educativas por lo que van a ir abriendo poco a poco\u00bb, anunci\u00f3 la jefa de Gobierno de la Ciudad de M\u00e9xico, Claudia Sheinbaum.<\/p>\n<p>Dijo que se sigue avanzando con las comunidades educativas y reiter\u00f3 que el regreso a clases es de forma voluntaria y no obligatoria.<\/p>\n<p>\u00abSe sigue avanzando para ver si entraran en la siguiente semana o si se esperan hasta el siguiente ciclo escolar pero es importante que vayan abriendo poco a poco sobre todo para dar oportunidad a aquellos j\u00f3venes, ni\u00f1as y ni\u00f1os que no tuvieron oportunidad o que no llevaron las clases a distancia de mejor manera y que tengan este contacto con sus profesores\u00bb.<\/p>\n<p>Ahora que la ciudad pas\u00f3 a sem\u00e1foro verde, se retomaron todas las actividades laborales, los espacios p\u00fablicos se abrir\u00e1n de forma regular y las ni\u00f1as y ni\u00f1os podr\u00e1n regresar a las escuelas.<\/p>\n<p style=\"text-align: center;\"><strong>M\u00e1s de 6 mil polic\u00edas vigilan el regreso<\/strong><\/p>\n<p>Por su parte, la Secretar\u00eda de Seguridad Ciudadana despleg\u00f3 m\u00e1s de 6 mil polic\u00edas en la Ciudad de M\u00e9xico, como parte del operativo denominado Regreso Voluntario a Clases Presenciales 2021.<\/p>\n<p>Desde temprana hora, los polic\u00edas preventivos, de la Bancaria e Industrial, Auxiliar y de la Subsecretar\u00eda de Control de Tr\u00e1nsito realizan recorridos en las inmediaciones de planteles de prescolar, primaria y secundaria p\u00fablicos y privados.<\/p>\n<p>Los elementos contaron con el apoyo de 350 veh\u00edculos y un helic\u00f3ptero C\u00f3ndor que estar\u00e1 pendiente en caso de requerirse, a fin de cubrir los diferentes horarios de entrada y salidas de los turnos en las escuelas, y evitar la comisi\u00f3n de il\u00edcitos y la alteraci\u00f3n al orden p\u00fablico.<\/p>\n<p>La SSC precis\u00f3 que fueron 6 mil 082 elementos desplegados por calles y colonias de la ciudad, donde se ubican los planteles, ante el regreso a clases voluntarias de alumnos de educaci\u00f3n b\u00e1sica.<\/p>\n<p>Sus acciones de seguridad ser\u00e1n reforzadas, mediante una coordinaci\u00f3n con los Centros de Comando y Control (C2) de las 16 demarcaciones, y con las c\u00e1maras de videovigilancia del Centro de Comando, Control, C\u00f3mputo, Comunicaciones y Contacto Ciudadano (C5).<\/p>\n<p>De esta manera, se mantendr\u00e1 un monitoreo de los cruces de tr\u00e1nsito y se agilizar\u00e1 la circulaci\u00f3n, donde se presente alg\u00fan congestionamiento vehicular, aunque tambi\u00e9n se realizar\u00e1n trabajos de vialidad.<\/p>\n<p>El personal de Tr\u00e1nsito garantizar\u00e1 la movilidad, tanto vehicular como peatonal, sobre todo en las zonas escolares, para facilitar la llegada a los planteles de los alumnos, y custodiar\u00e1n los accesos a las escuelas para evitar accidentes.<\/p>\n","protected":false},"excerpt":{"rendered":"<p>Este lunes regresaron a clases presenciales y de forma voluntaria m\u00e1s de mil escuelas, entre privadas y p\u00fablicas, de los niveles preescolar, primaria, secundaria, bachillerato y superior; esto luego de m\u00e1s de un a\u00f1o de permanecer cerradas por la pandemia.<\/p>\n","protected":false},"author":3,"featured_media":509798,"comment_status":"open","ping_status":"open","sticky":false,"template":"","format":"standard","meta":{"_monsterinsights_skip_tracking":false,"_monsterinsights_sitenote_active":false,"_monsterinsights_sitenote_note":"","_monsterinsights_sitenote_category":0,"footnotes":""},"categories":[6],"tags":[204,90969,393,82109],"class_list":["post-509714","post","type-post","status-publish","format-standard","has-post-thumbnail","hentry","category-cd-de-mexico","tag-ciudad-de-mexico","tag-presenciales","tag-regreso-a-clases","tag-voluntario"],"_links":{"self":[{"href":"https:\/\/www.diarioimagen.net\/index.php?rest_route=\/wp\/v2\/posts\/509714","targetHints":{"allow":["GET"]}}],"collection":[{"href":"https:\/\/www.diarioimagen.net\/index.php?rest_route=\/wp\/v2\/posts"}],"about":[{"href":"https:\/\/www.diarioimagen.net\/index.php?rest_route=\/wp\/v2\/types\/post"}],"author":[{"embeddable":true,"href":"https:\/\/www.diarioimagen.net\/index.php?rest_route=\/wp\/v2\/users\/3"}],"replies":[{"embeddable":true,"href":"https:\/\/www.diarioimagen.net\/index.php?rest_route=%2Fwp%2Fv2%2Fcomments&post=509714"}],"version-history":[{"count":0,"href":"https:\/\/www.diarioimagen.net\/index.php?rest_route=\/wp\/v2\/posts\/509714\/revisions"}],"wp:featuredmedia":[{"embeddable":true,"href":"https:\/\/www.diarioimagen.net\/index.php?rest_route=\/wp\/v2\/media\/509798"}],"wp:attachment":[{"href":"https:\/\/www.diarioimagen.net\/index.php?rest_route=%2Fwp%2Fv2%2Fmedia&parent=509714"}],"wp:term":[{"taxonomy":"category","embeddable":true,"href":"https:\/\/www.diarioimagen.net\/index.php?rest_route=%2Fwp%2Fv2%2Fcategories&post=509714"},{"taxonomy":"post_tag","embeddable":true,"href":"https:\/\/www.diarioimagen.net\/index.php?rest_route=%2Fwp%2Fv2%2Ftags&post=509714"}],"curies":[{"name":"wp","href":"https:\/\/api.w.org\/{rel}","templated":true}]}}