{"id":509718,"date":"2021-06-08T00:02:41","date_gmt":"2021-06-08T05:02:41","guid":{"rendered":"https:\/\/www.diarioimagen.net\/?p=509718"},"modified":"2021-06-08T05:08:35","modified_gmt":"2021-06-08T10:08:35","slug":"la-coalicion-pan-pri-y-prd-gana-9-alcaldias-de-la-ciudad-de-mexico","status":"publish","type":"post","link":"https:\/\/www.diarioimagen.net\/?p=509718","title":{"rendered":"La coalici\u00f3n PAN, PRI y PRD gana 9 alcald\u00edas de la Ciudad de M\u00e9xico"},"content":{"rendered":"<p><em>\u00a0<\/em><\/p>\n<ul>\n<li><strong><em>\u201cJuntos Haremos Historia\u201d tendr\u00e1 7; en Xochimilco habr\u00eda recuento<\/em><\/strong><\/li>\n<\/ul>\n<p>&nbsp;<\/p>\n<p><a href=\"https:\/\/www.diarioimagen.net\/?attachment_id=509811\" rel=\"attachment wp-att-509811\"><img loading=\"lazy\" decoding=\"async\" class=\"aligncenter size-full wp-image-509811\" src=\"https:\/\/www.diarioimagen.net\/wp-content\/uploads\/2021\/06\/resultados.jpg\" alt=\"\" width=\"460\" height=\"270\" \/><\/a><\/p>\n<p>&nbsp;<\/p>\n<p>Con base al Programa de Resultados Electorales Preliminares (PREP), con un avance del 98.6 por ciento, en la Ciudad de M\u00e9xico, la coalici\u00f3n conformada por PAN, PRI y PRD ganar\u00eda nueve alcald\u00edas, mientras que \u201cJuntos Haremos Historia\u201d de PT y Morena se llevar\u00eda siete.<\/p>\n<p>Mientras que la elecci\u00f3n para la alcald\u00eda de Xochimilco podr\u00eda tener un recuento voto por voto, esto luego de que con m\u00e1s del 97 por ciento de avance del PREP, a\u00fan no se puede declarar un ganador, as\u00ed lo dio a conocer el Instituto Electoral local.<\/p>\n<p>\u201cPor disposici\u00f3n legal, si la diferencia entre el primero y el segundo lugar es menor al 1 por ciento procede el conteo total de todos los votos, van a tener que abrir todos los paquetes electorales de todas las casillas instaladas en Xochimilco y en presencia de los partidos pol\u00edticos, voto por voto ser\u00e1 contado por las y los funcionarios\u201d, declar\u00f3 Erika Estrada, consejera del IECM.<\/p>\n<p style=\"text-align: center;\"><strong>Participaci\u00f3n \u201chist\u00f3rica\u201d en elecciones de la CDMX: IECM <\/strong><\/p>\n<p>El Instituto Electoral capitalino inform\u00f3 que se registr\u00f3 una participaci\u00f3n hist\u00f3rica durante estas elecciones intermedias ya que hubo una participaci\u00f3n ciudadana del 52 por ciento, superando al 4 por ciento durante las elecciones intermedias de 2015.<\/p>\n<p>\u201cEstamos hablando de ocho puntos porcentuales por encima de 2015, aqu\u00ed hay que agradecer a todos los y las ciudadanas que salieron a votar este 6 de junio en un contexto de salud complicado, salieron a ejercer sus derechos\u201d, expres\u00f3 Erika Estrada, consejera del Instituto Electoral local.<\/p>\n<p style=\"text-align: center;\"><strong>Ca\u00edda de Morena, por campa\u00f1a de desprestigio, dice Claudia Sheinbaum<\/strong><\/p>\n<p>Por su parte, la jefa de Gobierno, Claudia Sheinbaum, dijo que los resultados de la jornada electoral, donde Morena perdi\u00f3 la mayor\u00eda de alcald\u00edas, se debi\u00f3 a una campa\u00f1a de desprestigio contra Morena, pero asegur\u00f3 que no se permitir\u00e1 que regrese la corrupci\u00f3n.<\/p>\n<p>\u201cCoincido con el presidente de la Rep\u00fablica, en los \u00faltimos meses, desde hace rato, una campa\u00f1a de desprestigio del Movimiento, muy fuerte, que tuvo impacto en algunos sectores de la poblaci\u00f3n y lo que nos corresponde es seguir insistiendo que este movimiento de transformaci\u00f3n es fundamental para el pa\u00eds\u201d.<\/p>\n<p>Tras un recorrido en el Cetram de Pantitl\u00e1n por la ampliaci\u00f3n de la L\u00ednea 4 del Metrob\u00fas, Sheinbaum Pardo aclar\u00f3 que se seguir\u00e1n con los proyectos que se han planteado para la capital del pa\u00eds por lo que descart\u00f3 que est\u00e9n en riesgo por la llegada de nuevos alcaldes.<\/p>\n<p>\u201cHay una gran aceptaci\u00f3n por las acciones que hemos hecho en la Ciudad de M\u00e9xico y quiero decir que no va a regresar la corrupci\u00f3n a la Ciudad, eso no lo vamos a permitir, no puede regresar la corrupci\u00f3n a la Ciudad y que vamos a seguir trabajando con la ciudadan\u00eda, vamos a trabajar con todos y todas cuidando que haya honestidad en el ejercicio de los encargados p\u00fablicos.<\/p>\n<p>Coment\u00f3 que una vez que concluya el conteo de votos se har\u00e1 un an\u00e1lisis de cada distrito para saber en qu\u00e9 sectores de la poblaci\u00f3n afect\u00f3 m\u00e1s est\u00e1 campa\u00f1a de desprestigio hacia Morena.<\/p>\n<p>La jefa de Gobierno anunci\u00f3 que la siguiente semana se dar\u00e1 a conocer el primer dictamen de la empresa noruega sobre tragedia en la L\u00ednea 12 del Metro y que no habr\u00e1 impunidad ni carpetazo al tema.<\/p>\n","protected":false},"excerpt":{"rendered":"<p>Con base al Programa de Resultados Electorales Preliminares (PREP), con un avance del 98.6 por ciento, en la Ciudad de M\u00e9xico, la coalici\u00f3n conformada por PAN, PRI y PRD ganar\u00eda nueve alcald\u00edas, mientras que \u201cJuntos Haremos Historia\u201d de PT y Morena se llevar\u00eda siete.<\/p>\n","protected":false},"author":3,"featured_media":509811,"comment_status":"open","ping_status":"open","sticky":false,"template":"","format":"standard","meta":{"_monsterinsights_skip_tracking":false,"_monsterinsights_sitenote_active":false,"_monsterinsights_sitenote_note":"","_monsterinsights_sitenote_category":0,"footnotes":""},"categories":[6],"tags":[93115,15455,91,211,362],"class_list":["post-509718","post","type-post","status-publish","format-standard","has-post-thumbnail","hentry","category-cd-de-mexico","tag-ciiudad-de-mexico","tag-coalicion","tag-pan","tag-prd","tag-pri"],"_links":{"self":[{"href":"https:\/\/www.diarioimagen.net\/index.php?rest_route=\/wp\/v2\/posts\/509718","targetHints":{"allow":["GET"]}}],"collection":[{"href":"https:\/\/www.diarioimagen.net\/index.php?rest_route=\/wp\/v2\/posts"}],"about":[{"href":"https:\/\/www.diarioimagen.net\/index.php?rest_route=\/wp\/v2\/types\/post"}],"author":[{"embeddable":true,"href":"https:\/\/www.diarioimagen.net\/index.php?rest_route=\/wp\/v2\/users\/3"}],"replies":[{"embeddable":true,"href":"https:\/\/www.diarioimagen.net\/index.php?rest_route=%2Fwp%2Fv2%2Fcomments&post=509718"}],"version-history":[{"count":0,"href":"https:\/\/www.diarioimagen.net\/index.php?rest_route=\/wp\/v2\/posts\/509718\/revisions"}],"wp:featuredmedia":[{"embeddable":true,"href":"https:\/\/www.diarioimagen.net\/index.php?rest_route=\/wp\/v2\/media\/509811"}],"wp:attachment":[{"href":"https:\/\/www.diarioimagen.net\/index.php?rest_route=%2Fwp%2Fv2%2Fmedia&parent=509718"}],"wp:term":[{"taxonomy":"category","embeddable":true,"href":"https:\/\/www.diarioimagen.net\/index.php?rest_route=%2Fwp%2Fv2%2Fcategories&post=509718"},{"taxonomy":"post_tag","embeddable":true,"href":"https:\/\/www.diarioimagen.net\/index.php?rest_route=%2Fwp%2Fv2%2Ftags&post=509718"}],"curies":[{"name":"wp","href":"https:\/\/api.w.org\/{rel}","templated":true}]}}