{"id":509747,"date":"2021-06-08T00:02:37","date_gmt":"2021-06-08T05:02:37","guid":{"rendered":"https:\/\/www.diarioimagen.net\/?p=509747"},"modified":"2021-06-08T01:36:13","modified_gmt":"2021-06-08T06:36:13","slug":"a-la-desgracia-de-sheinbaum-despues-de-elecciones-contribuyo-lopez-obrador","status":"publish","type":"post","link":"https:\/\/www.diarioimagen.net\/?p=509747","title":{"rendered":"A la desgracia de Sheinbaum, despu\u00e9s de elecciones, contribuy\u00f3 L\u00f3pez Obrador"},"content":{"rendered":"<h2>La Retaguardia<\/h2>\n<h5>Adriana Moreno Cordero<\/h5>\n<p>&nbsp;<\/p>\n<p>Desde la noche anterior, que fue muy larga porque se llevaron a cabo las elecciones, el presidente <strong>Andr\u00e9s Manuel L\u00f3pez Obrador<\/strong> se mir\u00f3 frente al espejo para estudiar la actitud que tendr\u00eda en su conferencia ma\u00f1anera, sobre todo, por el tremendo rev\u00e9s que sufri\u00f3 su partido, Morena, ni m\u00e1s ni menos que en la Ciudad de M\u00e9xico porque eso perjudica directamente a una de sus \u201ccartas\u201d para sucederlo en 2024 y se trata, obviamente de la jefa del gobierno capitalino, <strong>Claudia Sheinbaum<\/strong>.<\/p>\n<p>Y no, no se trat\u00f3 de una campa\u00f1a de desprestigio como lo dijeron a coro, tanto el inquilino de Palacio Nacional, como la funcionaria capitalina. Todos, no s\u00f3lo en la capital de la Rep\u00fablica, tienen muy presente la terrible desgracia de la L\u00ednea 12 del Metro, en la cual, murieron 26 personas, el pasado 3 de mayo y al desprestigio de la se\u00f1ora Sheinbaum Pardo, contribuy\u00f3 much\u00edsimo el presidente L\u00f3pez Obrador, cuando en uno de sus gustad\u00edsimos \u201cstand-up\u201d ma\u00f1aneros, mand\u00f3 \u201cal carajo\u201d la posibilidad de visitar a las v\u00edctimas de la negligencia de funcionarios de la llamada Cuarta Transformaci\u00f3n, aduciendo que \u00e9l no era como los de antes, un discurso m\u00e1s gastado que sus 18 a\u00f1os de campa\u00f1a.<\/p>\n<p>Otro factor que tambi\u00e9n incidi\u00f3 en el justificado rev\u00e9s que se llev\u00f3 la jefa de Gobierno de la CDMX, tiene que ver con sus afanes y hasta obstinaci\u00f3n por tapar a la directora del Sistema de Transporte Colectivo, <strong>Florencia Serran\u00eda<\/strong>. Resultar\u00eda hasta obligado preguntarse qu\u00e9 ser\u00e1 lo que la inepta titular del Metro le sabe a Sheinbaum, que a m\u00e1s de un mes de la tragedia, la sigue cubriendo y por cierto, absolutamente ning\u00fan funcionario de la llamada Cuarta Transformaci\u00f3n ha renunciado y menos a\u00fan, que haya tenido que responder por omisiones y negligencias.<\/p>\n<p>En la Ciudad de M\u00e9xico, nueve alcald\u00edas fueron para la oposici\u00f3n, de tal suerte que la capital de la Rep\u00fablica qued\u00f3 dividida en dos, como si fuera un enorme coraz\u00f3n y ello, desde luego le cal\u00f3 y muy hondo a la funcionaria consentida del inquilino de Palacio Nacional; por eso se le ve\u00eda tan pero tan molesta cuando tuvo que salir a dar la cara y dijo que en los \u00faltimos meses hubo una campa\u00f1a de desprestigio muy fuerte \u201cen contra del movimiento\u201d, que tuvo impacto en algunos sectores, sin embargo y como si fuera una v\u00edctima, la funcionaria subray\u00f3 que seguir\u00e1 concientizando en el movimiento de transformaci\u00f3n. \u00bfSe podr\u00e1 reponer Claudia Sheinbaum de este duro golpe en su camino hacia 2024? Al tiempo.<\/p>\n<p>Lo que s\u00ed hay que precisar, es que Morena se llev\u00f3 una buena tajada en el caso de las gubernaturas, pues conquist\u00f3 entidades que antes les hubiera sido imposible como por ejemplo, Sonora y Sinaloa, con lo que se adue\u00f1an de una porci\u00f3n importante del pa\u00eds que antes era infranqueable.<\/p>\n<p>Y hablando de Sinaloa, se dice que en mucho ayud\u00f3 al triunfo del abanderado morenista, <strong>Rub\u00e9n Rocha Moya<\/strong>, la actitud que en los \u00faltimos meses asumi\u00f3 el actual gobernador, <strong>Quirino Ordaz<\/strong>, quien trabaj\u00f3 para la causa del partido oficial, dejando de lado su pri\u00edsmo. \u00bfSer\u00e1?<\/p>\n<p>Por otra parte, sorprendi\u00f3 -por no decirlo de otra forma-, que al evaluar la jornada electoral, el Presidente saliera con que \u201cquienes pertenecen a la delincuencia organizada\u201d, as\u00ed lo dijo, se portaron bien. \u00bfAcaso el Ejecutivo habl\u00f3 por alguna v\u00eda con <strong>Ovidio Guzm\u00e1n<\/strong> y la abuelita de \u00e9ste para recomendarles ir a votar?; \u00bfle habr\u00e1 funcionado al tabasque\u00f1o aquella irrisoria m\u00e1xima de acusar a los delincuentes con sus madres, o sacar a flote la t\u00e9cnica del \u201cchanclazo\u201d?<\/p>\n<p>Ahora bien, en el Estado de M\u00e9xico tampoco le fue tan bien como hubiera querido al partido oficial. Ah\u00ed, el PAN recuper\u00f3 viejos bastiones, al obtener para su causa lo que se conoci\u00f3 como el \u201ccorredor azul\u201d que comprende Atizap\u00e1n de Zaragoza, Cuautitl\u00e1n Izcalli, Tlalnepantla, Naucalpan y Huixquilucan, mientras que Morena se qued\u00f3 con municipios marginados como Nezahualc\u00f3yotl.<\/p>\n<p>Otro importante municipio que perdi\u00f3 el partido oficial, fue Metepec, en donde la refinada <strong>Gabriela Gamboa<\/strong> buscaba reelegirse, pero muy mal como candidata, se la pas\u00f3 amenazando con un avezado lenguaje a sus adversarios. Se gast\u00f3 much\u00edsimo dinero en su campa\u00f1a y al final, pag\u00f3 todav\u00eda m\u00e1s caro sus errores.<\/p>\n<p>Finalmente, retomando el caso de la CDMX, quien est\u00e1 llora que llora por los rincones, es la diputada morenista, <strong>Mar\u00eda de los Dolores Padierna Luna<\/strong> porque celebr\u00f3 anticipadamente pensando que ten\u00eda en la bolsa ni m\u00e1s ni menos que la alcald\u00eda Cuauht\u00e9moc, de la cual ha lucrado no s\u00f3lo pol\u00edticamente. Con este rev\u00e9s, la suerte del ala de bejaranismo que intenta enquistarse en Morena, pierde sin posibilidad de recuperarse.<\/p>\n<p style=\"text-align: center;\"><strong>Municiones<\/strong><\/p>\n<p>*** Para el presidente de la Junta de Coordinaci\u00f3n Pol\u00edtica del Senado de la Rep\u00fablica, <strong>Ricardo Monreal<\/strong>, la jornada electoral del domingo, se llev\u00f3 a cabo de manera civilizada y en paz y cont\u00f3 con una alta participaci\u00f3n ciudadana, algo in\u00e9dito para una elecci\u00f3n intermedia. \u00a0Adem\u00e1s -destac\u00f3 el legislador zacatecano-, hubo un reconocimiento internacional por parte de los observadores electorales, incluida la Organizaci\u00f3n de los Estados Americanos, (OEA), quienes aseguraron que el balance de los comicios en todo el pa\u00eds result\u00f3 positivo.\u00a0De la misma manera, el senador Monreal \u00c1vila resalt\u00f3 la felicitaci\u00f3n que hizo el gobierno de Estados Unidos, a trav\u00e9s de su embajada en M\u00e9xico, por el desempe\u00f1o de la jornada electoral de ayer.<\/p>\n<p>*** Entre los puntos m\u00e1s trascendentes de la jornada electoral que el pa\u00eds experiment\u00f3 el pasado fin de semana destaca que, en un s\u00f3lo periodo de gobierno, podr\u00edan encabezar el Poder Ejecutivo en hasta seis estados diferentes sendas representantes de la poblaci\u00f3n femenina. Habr\u00e1 que recordar que en la historia del M\u00e9xico independiente tan s\u00f3lo siete mujeres hab\u00edan llegado a ocupar gubernaturas; por lo que, de confirmarse la victoria de las damas en los estados de Baja California, Campeche, Colima, Chihuahua, Guerrero y Tlaxcala, estar\u00edamos ante uno de los m\u00e1s grandes logros tambi\u00e9n en la historia del INE y, sobre todo, de su Comisi\u00f3n de Igualdad de G\u00e9nero, que preside la consejera <strong>Carla Humphrey Jordan<\/strong>.<\/p>\n<p>*** En este orden de ideas, consejero-presidente del INE, <strong>Lorenzo C\u00f3rdova<\/strong>, asegur\u00f3 que durante las elecciones del domingo pasado, el sistema electoral funcion\u00f3 para ofrecer comicios con calidad t\u00e9cnica, legalidad, equidad, transparencia y certeza. Hizo hincapi\u00e9 el doctor C\u00f3rdova en que la informaci\u00f3n preliminar que mostraron los conteos, hablan y constatan la vigorosa diversidad pol\u00edtica que hay a lo largo y ancho del pa\u00eds. M\u00e9xico est\u00e1 en paz. Asimismo destac\u00f3 que\u00a0 la alternancia se ha vuelto parte de la normalidad democr\u00e1tica. Hay que reiterar que contra todos los pron\u00f3sticos y deseos de los morenistas, otro importante ganador en las elecciones del 6 de junio fue, sin duda, el propio Instituto Nacional Electoral.<\/p>\n<p><u><a href=\"mailto:morcora@gmail.com\" target=\"_blank\" rel=\"noopener noreferrer\"><em>morcora@gmail.com<\/em><\/a><\/u><\/p>\n","protected":false},"excerpt":{"rendered":"<p><span style=\"color: #005497;\"><strong>Adriana Moreno Cordero<\/strong><\/span><\/p>\n","protected":false},"author":3,"featured_media":0,"comment_status":"open","ping_status":"open","sticky":false,"template":"","format":"standard","meta":{"_monsterinsights_skip_tracking":false,"_monsterinsights_sitenote_active":false,"_monsterinsights_sitenote_note":"","_monsterinsights_sitenote_category":0,"footnotes":""},"categories":[69370],"tags":[69369,69368,43674],"class_list":["post-509747","post","type-post","status-publish","format-standard","hentry","category-adriana-moreno-cordero","tag-adriana-moreno-cordero","tag-la-retaguardia","tag-opinion"],"_links":{"self":[{"href":"https:\/\/www.diarioimagen.net\/index.php?rest_route=\/wp\/v2\/posts\/509747","targetHints":{"allow":["GET"]}}],"collection":[{"href":"https:\/\/www.diarioimagen.net\/index.php?rest_route=\/wp\/v2\/posts"}],"about":[{"href":"https:\/\/www.diarioimagen.net\/index.php?rest_route=\/wp\/v2\/types\/post"}],"author":[{"embeddable":true,"href":"https:\/\/www.diarioimagen.net\/index.php?rest_route=\/wp\/v2\/users\/3"}],"replies":[{"embeddable":true,"href":"https:\/\/www.diarioimagen.net\/index.php?rest_route=%2Fwp%2Fv2%2Fcomments&post=509747"}],"version-history":[{"count":0,"href":"https:\/\/www.diarioimagen.net\/index.php?rest_route=\/wp\/v2\/posts\/509747\/revisions"}],"wp:attachment":[{"href":"https:\/\/www.diarioimagen.net\/index.php?rest_route=%2Fwp%2Fv2%2Fmedia&parent=509747"}],"wp:term":[{"taxonomy":"category","embeddable":true,"href":"https:\/\/www.diarioimagen.net\/index.php?rest_route=%2Fwp%2Fv2%2Fcategories&post=509747"},{"taxonomy":"post_tag","embeddable":true,"href":"https:\/\/www.diarioimagen.net\/index.php?rest_route=%2Fwp%2Fv2%2Ftags&post=509747"}],"curies":[{"name":"wp","href":"https:\/\/api.w.org\/{rel}","templated":true}]}}