{"id":509908,"date":"2021-06-09T00:01:02","date_gmt":"2021-06-09T05:01:02","guid":{"rendered":"https:\/\/www.diarioimagen.net\/?p=509908"},"modified":"2021-06-09T05:17:17","modified_gmt":"2021-06-09T10:17:17","slug":"inconsistencia-e-irresponsabilidad-del-gobierno-para-el-sector-turistico-despues-de-31-meses-la-metro","status":"publish","type":"post","link":"https:\/\/www.diarioimagen.net\/?p=509908","title":{"rendered":"Inconsistencia e irresponsabilidad del gobierno para el sector tur\u00edstico despu\u00e9s de 31 meses: \u201cLa Metro\u201d"},"content":{"rendered":"<h2>De cinco estrellas<\/h2>\n<h5>Victoria Gonz\u00e1lez Prado<\/h5>\n<p>&nbsp;<\/p>\n<ul>\n<li><strong>Copa Airlines<\/strong><em><strong> lanza dos nuevas clases: <\/strong><\/em><strong>Business Dreams<\/strong><em><strong> y <\/strong><\/em><strong>Economy Extra<\/strong><\/li>\n<li><em><strong>Crecen a doble d\u00edgito b\u00fasquedas de viajes nacionales e internacionales durante <\/strong><\/em><strong>Hot Sale<\/strong><\/li>\n<\/ul>\n<p>&nbsp;<\/p>\n<div id=\"attachment_509966\" style=\"width: 470px\" class=\"wp-caption aligncenter\"><a href=\"https:\/\/www.diarioimagen.net\/?attachment_id=509966\" rel=\"attachment wp-att-509966\"><img loading=\"lazy\" decoding=\"async\" aria-describedby=\"caption-attachment-509966\" class=\"size-full wp-image-509966\" src=\"https:\/\/www.diarioimagen.net\/wp-content\/uploads\/2021\/06\/turismo-3.jpg\" alt=\"\" width=\"460\" height=\"270\" \/><\/a><p id=\"caption-attachment-509966\" class=\"wp-caption-text\">La Metro analiz\u00f3 el sectur tur\u00edstico del pa\u00eds.<\/p><\/div>\n<p>&nbsp;<\/p>\n<p>Muchas agencias de viajes, operadores mayoristas y en general el sector tur\u00edstico del pa\u00eds ha padecido la pandemia, quiz\u00e1, como ning\u00fan otro sector y ante el descontento de muchos y despu\u00e9s de profundo an\u00e1lisis, observar el desarrollo de los acontecimientos referentes al sector tur\u00edstico en M\u00e9xico en los 31 meses de esta administraci\u00f3n gubernamental, los integrantes de la Asociaci\u00f3n Metropolitana de Agencias de Viajes, A.C., \u201cLa Metro\u201d en comunicado declaran y preguntan y se preguntan, \u00bfhasta donde nos llevar\u00e1 el desatino?<\/p>\n<p>Transmito tal cual enviaron la declaraci\u00f3n y deseo que rescaten todo aquello que todav\u00eda se pueda redimir.<\/p>\n<p>I<strong>nconsciente:<\/strong> cancelaci\u00f3n del NAICM, fuente de empleos e ingresos para el pa\u00eds, un proyecto que nos pon\u00eda a la altura del mundo.<\/p>\n<p><strong>Ceguera:<\/strong> desmembrar el Consejo de Promoci\u00f3n Tur\u00edstica de M\u00e9xico (CPTM), \u00f3rgano reconocido mundialmente como referente de pr\u00e1cticas de vanguardia para la promoci\u00f3n tur\u00edstica.<\/p>\n<p><strong>Sordera:<\/strong> al llamado de auxilio durante a pandemia, de la industria que daba de comer a m\u00e1s de 10 millones de mexicanos.<\/p>\n<p><strong>Irrespetuoso:<\/strong> no pagar la p\u00e1gina <em>web<\/em> que mostraba lo mejor de nuestra naci\u00f3n para ser visitada por los viajeros del mundo.<\/p>\n<p><strong>D\u00e9ficit de atenci\u00f3n: <\/strong>degradaci\u00f3n a Categor\u00eda 2 de seguridad a\u00e9rea de M\u00e9xico.<\/p>\n<p><strong>Insensatez:<\/strong> golpear a una industria donde los n\u00fameros no mienten. En 2019, uno de cada 10 empleos formales pertenec\u00eda o era generado por el turismo, el 9 por ciento del PIB nacional proven\u00eda del mismo. M\u00e9xico alcanzo el 6\u00ba. lugar en captaci\u00f3n de turismo internacional en el 2018 y los ingresos derivados de esta actividad representaron la tercera fuente de entrada econ\u00f3mica m\u00e1s importante; ya ni hablemos de los empleos derivados de forma indirecta, como lo son entre otros: artesanos, restauranteros, taxistas, centros de diversi\u00f3n, etc\u00e9tera.<\/p>\n<p>Irresponsable: no considerar actividad esencial al turismo y no inmunizar al personal de primera l\u00ednea que recibe al turista, lo atiende; se expone y pone en peligro a los dem\u00e1s.<\/p>\n<p><strong>Fuerza:<\/strong> la industria tur\u00edstica mexicana, ente lastimado y mal cuidado, mal atendido, con bajas notorias en todos los aspectos; industria que sola y por su propia fuerza se debate para demostrar de que est\u00e1 hecha, se levanta de las cenizas y se trata de reinventar porque algo ya aprendi\u00f3 y le quedo claro; lo que no haga por s\u00ed sola no lo har\u00e1 qui\u00e9n debiera hacerlo, aqu\u00e9l que goza de las mieles de los ingresos, pero que se le olvida de donde vienen y qui\u00e9n los genera.<\/p>\n<p><strong>Impostergable:<\/strong> verdadero compromiso del gobierno federal y todas sus instancias relacionadas con el turismo, para que se reconozca en todos los foros y de todas las formas el verdadero valor que genera la industria en M\u00e9xico.<\/p>\n<p><strong>Opacidad:<\/strong> Secretaria de Turismo, ente olvidadizo, indiferente a las necesidades y graves circunstancias por las que pasan los principales integradores de los servicios tur\u00edsticos\u2026 los agentes de viajes.<\/p>\n<p>\u2730\u2730\u2730\u2730\u2730 En cuatro rutas desde el Aeropuerto Internacional de Tocumen, en Ciudad de Panam\u00e1, <em>Copa Airlines<\/em>, lanza dos nuevas clases de viaje y sistema de entretenimiento inal\u00e1mbrico, para ofrecer experiencia superior<\/p>\n<p>La compa\u00f1\u00eda a\u00e9rea introdujo, en 2018, la clase ejecutiva <em>Dreams <\/em>cuando recibi\u00f3 por primera vez su flota <em>Boeing 737 MAX 9<\/em>. Actualmente, cuenta con 13 aviones <em>B 737 MAX<\/em> 9, y espera recibir otros 14; <em>12 Boeing 737-8<\/em>, y <em>15 Boeing 737-10, <\/em>seg\u00fan la base de datos de <em>ch-aviation.<\/em><\/p>\n<p>La clase <em>Business<\/em> de <em>Dreams<\/em> consta de 16 c\u00f3modos asientos, pantallas t\u00e1ctiles de 16 pulgadas con mando a distancia, programa de entretenimiento, tomas de corriente, conexiones USB y espacio para guardar objetos personales.<\/p>\n<p>Desde el 1 de junio, <em>Copa Airlines<\/em> introdujo esta cabina a todos los pasajeros que vuelan entre Panam\u00e1 y Montevideo, Uruguay; Buenos Aires, Argentina; Sao Paulo, Brasil y Los \u00c1ngeles, Estados Unidos. Estas ciudades son las m\u00e1s importantes a las que sirve la aerol\u00ednea. En junio, program\u00f3 430 vuelos en estas rutas y ofrece m\u00e1s de 71 mil 300 asientos.<\/p>\n<p>Adem\u00e1s, la l\u00ednea a\u00e9rea no s\u00f3lo introducir\u00e1 la clase <em>Business Dreams<\/em> en estas rutas, tambi\u00e9n contar\u00e1 con <em>Economy Extra<\/em> que est\u00e1 situada en la parte delantera de la cabina. Tendr\u00e1 24 asientos con m\u00e1s espacio para las piernas, pantallas t\u00e1ctiles individuales de 10 pulgadas, puerto USB y conectores de corriente alterna.<\/p>\n<p>Los pasajeros a bordo de la flota <em>Boeing 737 MAX<\/em> <em>9<\/em> podr\u00e1n disfrutar de los contenidos de <em>Copa Showpass<\/em> conect\u00e1ndose a la red de intranet del avi\u00f3n desde ordenador o dispositivo m\u00f3vil. Los viajeros tendr\u00e1n acceso a pel\u00edculas, series de televisi\u00f3n, revistas, documentales y m\u00fasica. Deber\u00e1n obtener la <em>app<\/em> <em>\u2014Android o iOS<\/em>\u2014 de la aerol\u00ednea antes de abordar para utilizar <em>Showpass<\/em> para utilizar el sistema de entretenimiento inal\u00e1mbrico.<\/p>\n<p>\u2730\u2730\u2730\u2730\u2730 Las b\u00fasquedas de viajes nacionales e internacionales crecieron a doble digito durante el <em>Hot Sale <\/em>de acuerdo con an\u00e1lisis realizado por Despegar, comparado con el promedio de las cuatro semanas previas al evento, donde lo m\u00e1s buscado fueron vuelos, paquetes y alojamientos, esto muestra el inter\u00e9s de los viajeros mexicanos por aprovechar las promociones.<\/p>\n<p>Los destinos nacionales elegidos durante esta edici\u00f3n fueron: Ciudad de M\u00e9xico, Canc\u00fan, Guadalajara, Monterrey, Puerto Vallarta, M\u00e9rida, Tijuana, Acapulco, Los Cabos, Playa del Carmen, Huatulco y Mazatl\u00e1n.<\/p>\n<p>Internacionales: Nueva York encabeza el top de los m\u00e1s solicitados, seguido por Houston, Los \u00c1ngeles, Miami, Las Vegas, San Antonio, Orlando, Chicago, Dallas, Bogot\u00e1, McAllen y San Francisco.<\/p>\n<p><strong>Alejandro Calligaris<\/strong>, <em>Country Manager<\/em> de la <em>online<\/em> dijo: \u201clos resultados del <em>Hot Sale 2021<\/em> reafirman el deseo por viajar de los mexicanos; principalmente a destinos nacionales, dado que el turismo interno es lo que marca la reactivaci\u00f3n. Sin embargo, hay tambi\u00e9n especial inter\u00e9s por viajar a Estados Unidos, destino clave dada la importancia de la relaci\u00f3n y cercan\u00eda con el pa\u00eds vecino\u201d.<\/p>\n<p>En el caso de vuelos, los destinos nacionales que m\u00e1s crecieron en b\u00fasquedas<strong>,<\/strong> en comparaci\u00f3n con las \u00faltimas cuatro semanas, fueron Canc\u00fan (88 por ciento), Monterrey (+61por ciento), Hermosillo (+60 por ciento) y Tijuana (+57 por ciento). En el caso de los destinos internacionales, Madrid fue el de mayor crecimiento (194 por ciento), seguido por Orlando (+90 por ciento) y Nueva York (+86 por ciento).<\/p>\n<p>Destac\u00f3 el inter\u00e9s por paquetes que permiten a los viajeros incluir en una misma compra todos los servicios que necesitan: hotel, vuelo, actividades e incluso la renta de auto; y as\u00ed obtener mejores ahorros. Los destinos nacionales de playa fueron los que m\u00e1s crecieron en la b\u00fasqueda de paquetes en comparaci\u00f3n con las \u00faltimas cuatro semanas, destaca: Mazatl\u00e1n (357 por ciento), Huatulco (+298 por ciento), Puerto Vallarta (+288 por ciento), Canc\u00fan (+223 por ciento) y Playa del Carmen (+153 por ciento).<\/p>\n<p>Tanbi\u00e9n, se identific\u00f3 durante el <em>Hot Sale<\/em> la planeaci\u00f3n de viajes con poca anticipaci\u00f3n pues reservaron vuelos a destinos nacionales reservaron para viajar en los pr\u00f3ximos 15 d\u00edas y a destinos internacionales, dentro de los pr\u00f3ximos 30 d\u00edas. Quienes prefirieron paquetes, hubo mayor anticipaci\u00f3n, la mayor\u00eda reserv\u00f3 para viajar dentro de los pr\u00f3ximos tres meses o m\u00e1s.<\/p>\n<p>&nbsp;<\/p>\n<blockquote>\n<p style=\"text-align: right;\">\u201c<strong>El<\/strong> <strong>\u00e1ngel de la fama tiene sus alas hechas de papel&#8230; peri\u00f3dico\u201d.<br \/>\n<\/strong><\/p>\n<\/blockquote>\n<p>&nbsp;<\/p>\n<p><em><span class=\"Apple-converted-space\"><a href=\"mailto:victoriagprado@gmail.com\" target=\"_blank\" rel=\"noopener noreferrer\">victoriagprado@gmail.com<\/a><br \/>\nTwitter: <a href=\"https:\/\/twitter.com\/victoriagprado\" target=\"_blank\" rel=\"noopener noreferrer\">@victoriagprado<\/a><\/span><\/em><\/p>\n","protected":false},"excerpt":{"rendered":"<p>Muchas agencias de viajes, operadores mayoristas y en general el sector tur\u00edstico del pa\u00eds ha padecido la pandemia, quiz\u00e1, como ning\u00fan otro sector y ante el descontento de muchos y despu\u00e9s de profundo an\u00e1lisis, observar el desarrollo de los acontecimientos referentes al sector tur\u00edstico en M\u00e9xico en los 31 meses de esta administraci\u00f3n gubernamental, los integrantes de la Asociaci\u00f3n Metropolitana de Agencias de Viajes, A.C., \u201cLa Metro\u201d en comunicado declaran y preguntan y se preguntan, \u00bfhasta donde nos llevar\u00e1 el desatino?<\/p>\n","protected":false},"author":3,"featured_media":509966,"comment_status":"open","ping_status":"open","sticky":false,"template":"","format":"standard","meta":{"_monsterinsights_skip_tracking":false,"_monsterinsights_sitenote_active":false,"_monsterinsights_sitenote_note":"","_monsterinsights_sitenote_category":0,"footnotes":""},"categories":[11],"tags":[107,43674,43681,106],"class_list":["post-509908","post","type-post","status-publish","format-standard","has-post-thumbnail","hentry","category-turismo","tag-de-cinco-estrellas","tag-opinion","tag-turismo","tag-victoria-gonzalez-prado"],"_links":{"self":[{"href":"https:\/\/www.diarioimagen.net\/index.php?rest_route=\/wp\/v2\/posts\/509908","targetHints":{"allow":["GET"]}}],"collection":[{"href":"https:\/\/www.diarioimagen.net\/index.php?rest_route=\/wp\/v2\/posts"}],"about":[{"href":"https:\/\/www.diarioimagen.net\/index.php?rest_route=\/wp\/v2\/types\/post"}],"author":[{"embeddable":true,"href":"https:\/\/www.diarioimagen.net\/index.php?rest_route=\/wp\/v2\/users\/3"}],"replies":[{"embeddable":true,"href":"https:\/\/www.diarioimagen.net\/index.php?rest_route=%2Fwp%2Fv2%2Fcomments&post=509908"}],"version-history":[{"count":0,"href":"https:\/\/www.diarioimagen.net\/index.php?rest_route=\/wp\/v2\/posts\/509908\/revisions"}],"wp:featuredmedia":[{"embeddable":true,"href":"https:\/\/www.diarioimagen.net\/index.php?rest_route=\/wp\/v2\/media\/509966"}],"wp:attachment":[{"href":"https:\/\/www.diarioimagen.net\/index.php?rest_route=%2Fwp%2Fv2%2Fmedia&parent=509908"}],"wp:term":[{"taxonomy":"category","embeddable":true,"href":"https:\/\/www.diarioimagen.net\/index.php?rest_route=%2Fwp%2Fv2%2Fcategories&post=509908"},{"taxonomy":"post_tag","embeddable":true,"href":"https:\/\/www.diarioimagen.net\/index.php?rest_route=%2Fwp%2Fv2%2Ftags&post=509908"}],"curies":[{"name":"wp","href":"https:\/\/api.w.org\/{rel}","templated":true}]}}