{"id":509914,"date":"2021-06-09T00:05:12","date_gmt":"2021-06-09T05:05:12","guid":{"rendered":"https:\/\/www.diarioimagen.net\/?p=509914"},"modified":"2021-06-10T02:49:31","modified_gmt":"2021-06-10T07:49:31","slug":"continuan-visitas-de-verificacion-a-restaurantes-por-semaforo-verde","status":"publish","type":"post","link":"https:\/\/www.diarioimagen.net\/?p=509914","title":{"rendered":"Contin\u00faan visitas de verificaci\u00f3n a restaurantes por sem\u00e1foro verde"},"content":{"rendered":"<p>&nbsp;<\/p>\n<ul>\n<li><strong><em>El horario de servicio es hasta las 00:00<\/em><\/strong><\/li>\n<\/ul>\n<p>&nbsp;<\/p>\n<div id=\"attachment_509977\" style=\"width: 470px\" class=\"wp-caption aligncenter\"><a href=\"https:\/\/www.diarioimagen.net\/?attachment_id=509977\" rel=\"attachment wp-att-509977\"><img loading=\"lazy\" decoding=\"async\" aria-describedby=\"caption-attachment-509977\" class=\"size-full wp-image-509977\" src=\"https:\/\/www.diarioimagen.net\/wp-content\/uploads\/2021\/06\/EDOMEX-3.jpg\" alt=\"\" width=\"460\" height=\"270\" \/><\/a><p id=\"caption-attachment-509977\" class=\"wp-caption-text\">Exhorta el Instituto de Verificaci\u00f3n Administrativa a respetar medidas de higiene y protocolos de bioseguridad en unidades econ\u00f3micas<\/p><\/div>\n<p>&nbsp;<\/p>\n<p><strong>Toluca, Estado de M\u00e9xico.- <\/strong>El Instituto de Verificaci\u00f3n Administrativa del Estado de M\u00e9xico (Inveamex), mantiene visitas a las unidades econ\u00f3micas con la finalidad de constatar que \u00e9stas operen bajo los protocolos de higiene y bioseguridad necesarios ante la emergencia sanitaria por Covid-19.<\/p>\n<p>La colaboraci\u00f3n entre autoridades, sector privado y sociedad civil ha permitido que la entidad avance a sem\u00e1foro verde, lo que representa una v\u00eda segura en la reactivaci\u00f3n econ\u00f3mica, donde se privilegia la salud de la sociedad mexiquense.<\/p>\n<p>Por ello, los comercios, espacios p\u00fablicos y lugares de entretenimiento pueden extender su capacidad de aforo m\u00e1ximo permitido, as\u00ed como sus horarios de servicio. En el caso espec\u00edfico de restaurantes, a partir de esta semana podr\u00e1n operar hasta las 00:00 horas y se aumenta al 70 por ciento su aforo.<\/p>\n<p>De acuerdo con el Director General del Inveamex, Luis Miguel S\u00e1nchez L\u00f3pez, para continuar con la reactivaci\u00f3n econ\u00f3mica y el regreso a las actividades de manera segura, la poblaci\u00f3n no debe bajar la guardia y seguir respetando la sana distancia, usando cubrebocas y mantener el constante lavado de manos.<\/p>\n<p>\u201cLa reactivaci\u00f3n econ\u00f3mica se est\u00e1 dando y, vuelvo a decirlo, es importante que los sectores est\u00e9n comprometidos, que si se van abriendo espacios, que la reactivaci\u00f3n se va dando, que vemos otros giros que anteriormente, en un sem\u00e1foro rojo, en un naranja, no hab\u00edan estado en condiciones de poder dar un servicio, que ahorita ya dan ese servicio, la reactivaci\u00f3n la estamos observando, pero que se siga dando cumplimiento a la medidas se\u00f1aladas en los acuerdos dados por el Gobierno del Estado de M\u00e9xico\u201d, puntualiz\u00f3 S\u00e1nchez L\u00f3pez.<\/p>\n<p>Cabe mencionar que las unidades econ\u00f3micas de venta de bebidas y alimentos podr\u00e1n hacer uso de zonas destinadas para el consumo de tabaco, de conformidad con las normas sanitarias aplicables en la materia, no obstante, a\u00fan no podr\u00e1n tener m\u00fasica en vivo.<\/p>\n<p>Es importante resaltar la disposici\u00f3n y el compromiso por parte de los prestadores de servicios para seguir cumpliendo con las medidas sanitarias y sobre todo el manejo id\u00f3neo de alimentos y bebidas.<\/p>\n<p>\u201cD\u00eda con d\u00eda se iba actualizando y ten\u00edamos que ir captando todas las ideas para estar vigentes. Hicimos todo lo que cre\u00edmos pertinentes para seguridad de nuestros clientes y de toda la gente que labora aqu\u00ed con nosotros\u201d, detall\u00f3 Efra\u00edn Valencia Salas, gerente restaurantero.<\/p>\n","protected":false},"excerpt":{"rendered":"<p>El Instituto de Verificaci\u00f3n Administrativa del Estado de M\u00e9xico (Inveamex), mantiene visitas a las unidades econ\u00f3micas con la finalidad de constatar que \u00e9stas operen bajo los protocolos de higiene y bioseguridad necesarios ante la emergencia sanitaria por Covid-19.<\/p>\n","protected":false},"author":3,"featured_media":509977,"comment_status":"open","ping_status":"open","sticky":false,"template":"","format":"standard","meta":{"_monsterinsights_skip_tracking":false,"_monsterinsights_sitenote_active":false,"_monsterinsights_sitenote_note":"","_monsterinsights_sitenote_category":0,"footnotes":""},"categories":[5],"tags":[91664,17846],"class_list":["post-509914","post","type-post","status-publish","format-standard","has-post-thumbnail","hentry","category-estado-de-mexico","tag-semaforo-verde","tag-verificacion"],"_links":{"self":[{"href":"https:\/\/www.diarioimagen.net\/index.php?rest_route=\/wp\/v2\/posts\/509914","targetHints":{"allow":["GET"]}}],"collection":[{"href":"https:\/\/www.diarioimagen.net\/index.php?rest_route=\/wp\/v2\/posts"}],"about":[{"href":"https:\/\/www.diarioimagen.net\/index.php?rest_route=\/wp\/v2\/types\/post"}],"author":[{"embeddable":true,"href":"https:\/\/www.diarioimagen.net\/index.php?rest_route=\/wp\/v2\/users\/3"}],"replies":[{"embeddable":true,"href":"https:\/\/www.diarioimagen.net\/index.php?rest_route=%2Fwp%2Fv2%2Fcomments&post=509914"}],"version-history":[{"count":0,"href":"https:\/\/www.diarioimagen.net\/index.php?rest_route=\/wp\/v2\/posts\/509914\/revisions"}],"wp:featuredmedia":[{"embeddable":true,"href":"https:\/\/www.diarioimagen.net\/index.php?rest_route=\/wp\/v2\/media\/509977"}],"wp:attachment":[{"href":"https:\/\/www.diarioimagen.net\/index.php?rest_route=%2Fwp%2Fv2%2Fmedia&parent=509914"}],"wp:term":[{"taxonomy":"category","embeddable":true,"href":"https:\/\/www.diarioimagen.net\/index.php?rest_route=%2Fwp%2Fv2%2Fcategories&post=509914"},{"taxonomy":"post_tag","embeddable":true,"href":"https:\/\/www.diarioimagen.net\/index.php?rest_route=%2Fwp%2Fv2%2Ftags&post=509914"}],"curies":[{"name":"wp","href":"https:\/\/api.w.org\/{rel}","templated":true}]}}