{"id":509915,"date":"2021-06-09T00:02:28","date_gmt":"2021-06-09T05:02:28","guid":{"rendered":"https:\/\/www.diarioimagen.net\/?p=509915"},"modified":"2021-06-09T08:01:07","modified_gmt":"2021-06-09T13:01:07","slug":"continua-la-inmunizacion-anti-covid-19-para-adultos-de-40-a-49-anos-en-cuautitlan","status":"publish","type":"post","link":"https:\/\/www.diarioimagen.net\/?p=509915","title":{"rendered":"Contin\u00faa la inmunizaci\u00f3n anti-Covid-19 para adultos de 40 a 49 a\u00f1os en Cuautitl\u00e1n"},"content":{"rendered":"<p>&nbsp;<\/p>\n<ul>\n<li><strong><em>Se reducen contagios entre la poblaci\u00f3n<\/em><\/strong><\/li>\n<\/ul>\n<p>&nbsp;<\/p>\n<div id=\"attachment_510006\" style=\"width: 470px\" class=\"wp-caption aligncenter\"><a href=\"https:\/\/www.diarioimagen.net\/?attachment_id=510006\" rel=\"attachment wp-att-510006\"><img loading=\"lazy\" decoding=\"async\" aria-describedby=\"caption-attachment-510006\" class=\"size-full wp-image-510006\" src=\"https:\/\/www.diarioimagen.net\/wp-content\/uploads\/2021\/06\/cuautitlan-3.jpg\" alt=\"\" width=\"460\" height=\"270\" \/><\/a><p id=\"caption-attachment-510006\" class=\"wp-caption-text\">Se da seguimiento en Cuautitl\u00e1n al Programa Nacional de Vacunaci\u00f3n que se realiza en todo el pa\u00eds.<\/p><\/div>\n<p>&nbsp;<\/p>\n<p><strong>Cuautitl\u00e1n, Estado de M\u00e9xico<\/strong>.- Con la aplicaci\u00f3n de la vacuna contra la Covid-19 para los vecinos de Cuautitl\u00e1n de 40 a 49 a\u00f1os de edad se da seguimiento al Programa Nacional de Vacunaci\u00f3n que se realiza en todo el pa\u00eds, con el objetivo de garantizar minimizar los contagios entre la poblaci\u00f3n.<\/p>\n<p>En las instalaciones de la Facultad de Estudios Superiores Cuautitl\u00e1n, Campo 4 UNAM, se vacunar\u00e1 del 08 al 10 de junio, en este sitio se cuenta con las modalidades de vacunaci\u00f3n a pie y podr\u00e1n ingresar en el acceso peatonal sobre carretera Cuautitl\u00e1n-Teoloyucan y en autom\u00f3vil a trav\u00e9s de la avenida Jim\u00e9nez Gallardo, con el objetivo de eficientar la vacunaci\u00f3n<\/p>\n<p>El martes 8 de junio asistieron las personas, con la inicial apellido paterno: A, B, C, D, E, F y G; este mi\u00e9rcoles 9 de junio toca a las personas con la inicial: H, L, M, N, \u00d1, O y el jueves 10 de junio a la letra: P, Q, R, S, T, U, V, W, X, Y, Z ; en un horario de 09:00 a 17:00 horas.<\/p>\n<p>Las personas que asistan deber\u00e1n usar cubreboca, careta y mantener la sana distancia. Si requiere de apoyo, podr\u00e1 ir acompa\u00f1ado de otra persona cuidando las medidas sanitarias. En caso de tomar medicamentos hacerlo de forma habitual, se recomienda acudir desayunado, bien hidratado y quienes no puedan asistir el d\u00eda que les corresponda lo podr\u00e1n hacer los d\u00edas posteriores y.<\/p>\n<p>Es importante recordarle a la poblaci\u00f3n que deber\u00e1 presentar formato de registro de la p\u00e1gina: www.mivacuna.salud.gob.mx; comprobante de domicilio, copia del INE y se invita a la poblaci\u00f3n en general no acudir a formarse un d\u00eda antes, ya que se cuenta con las dosis suficientes de acuerdo a la poblaci\u00f3n registrada.<\/p>\n","protected":false},"excerpt":{"rendered":"<p>Con la aplicaci\u00f3n de la vacuna contra la Covid-19 para los vecinos de Cuautitl\u00e1n de 40 a 49 a\u00f1os de edad se da seguimiento al Programa Nacional de Vacunaci\u00f3n que se realiza en todo el pa\u00eds, con el objetivo de garantizar minimizar los contagios entre la poblaci\u00f3n.<\/p>\n","protected":false},"author":3,"featured_media":510006,"comment_status":"open","ping_status":"open","sticky":false,"template":"","format":"standard","meta":{"_monsterinsights_skip_tracking":false,"_monsterinsights_sitenote_active":false,"_monsterinsights_sitenote_note":"","_monsterinsights_sitenote_category":0,"footnotes":""},"categories":[5],"tags":[93125,681,43675,92043],"class_list":["post-509915","post","type-post","status-publish","format-standard","has-post-thumbnail","hentry","category-estado-de-mexico","tag-anti-covid-19","tag-cuautitlan","tag-estado-de-mexico","tag-inmunizacion"],"_links":{"self":[{"href":"https:\/\/www.diarioimagen.net\/index.php?rest_route=\/wp\/v2\/posts\/509915","targetHints":{"allow":["GET"]}}],"collection":[{"href":"https:\/\/www.diarioimagen.net\/index.php?rest_route=\/wp\/v2\/posts"}],"about":[{"href":"https:\/\/www.diarioimagen.net\/index.php?rest_route=\/wp\/v2\/types\/post"}],"author":[{"embeddable":true,"href":"https:\/\/www.diarioimagen.net\/index.php?rest_route=\/wp\/v2\/users\/3"}],"replies":[{"embeddable":true,"href":"https:\/\/www.diarioimagen.net\/index.php?rest_route=%2Fwp%2Fv2%2Fcomments&post=509915"}],"version-history":[{"count":0,"href":"https:\/\/www.diarioimagen.net\/index.php?rest_route=\/wp\/v2\/posts\/509915\/revisions"}],"wp:featuredmedia":[{"embeddable":true,"href":"https:\/\/www.diarioimagen.net\/index.php?rest_route=\/wp\/v2\/media\/510006"}],"wp:attachment":[{"href":"https:\/\/www.diarioimagen.net\/index.php?rest_route=%2Fwp%2Fv2%2Fmedia&parent=509915"}],"wp:term":[{"taxonomy":"category","embeddable":true,"href":"https:\/\/www.diarioimagen.net\/index.php?rest_route=%2Fwp%2Fv2%2Fcategories&post=509915"},{"taxonomy":"post_tag","embeddable":true,"href":"https:\/\/www.diarioimagen.net\/index.php?rest_route=%2Fwp%2Fv2%2Ftags&post=509915"}],"curies":[{"name":"wp","href":"https:\/\/api.w.org\/{rel}","templated":true}]}}